{"id":17503,"date":"2022-06-16T00:51:41","date_gmt":"2022-06-16T03:51:41","guid":{"rendered":"https:\/\/www.revistarescatados.com.ar\/web\/?p=17503"},"modified":"2022-06-16T00:51:46","modified_gmt":"2022-06-16T03:51:46","slug":"el-hogar-de-ancianos-de-calchaqui-realizo-una-jornada-de-concientizacion-sobre-maltrato-en-la-vejez","status":"publish","type":"post","link":"https:\/\/www.revistarescatados.com.ar\/web\/2022\/06\/16\/el-hogar-de-ancianos-de-calchaqui-realizo-una-jornada-de-concientizacion-sobre-maltrato-en-la-vejez\/","title":{"rendered":"El hogar de ancianos de Calchaqu\u00ed realiz\u00f3 una jornada de concientizaci\u00f3n sobre maltrato en la vejez"},"content":{"rendered":"\n<pre class=\"wp-block-code\"><code><\/code><\/pre>\n\n\n\n<p><strong><span class=\"has-inline-color has-vivid-red-color\"> Con el objetivo de difundir, concientizar y educar a toda la poblaci\u00f3n, los residentes, personal y comisi\u00f3n repartieron folletos frente a la escuela t\u00e9cnica en la ma\u00f1ana del mi\u00e9rcoles. <\/span><\/strong><\/p>\n\n\n\n<figure class=\"wp-block-image size-large\"><img loading=\"lazy\" width=\"1024\" height=\"768\" src=\"https:\/\/www.revistarescatados.com.ar\/web\/wp-content\/uploads\/2022\/06\/Hogar-1024x768.jpg\" alt=\"\" class=\"wp-image-17504\" srcset=\"https:\/\/www.revistarescatados.com.ar\/web\/wp-content\/uploads\/2022\/06\/Hogar-1024x768.jpg 1024w, https:\/\/www.revistarescatados.com.ar\/web\/wp-content\/uploads\/2022\/06\/Hogar-300x225.jpg 300w, https:\/\/www.revistarescatados.com.ar\/web\/wp-content\/uploads\/2022\/06\/Hogar-768x576.jpg 768w, https:\/\/www.revistarescatados.com.ar\/web\/wp-content\/uploads\/2022\/06\/Hogar.jpg 1152w\" sizes=\"(max-width: 1024px) 100vw, 1024px\" \/><\/figure>\n\n\n\n<p>En el a\u00f1o 2011 la Organizaci\u00f3n de las Naciones Unidas (ONU) reconoci\u00f3 el abuso a las personas adultas mayores como un \u2022problema social\u2022, y declara el 15 de junio como el D\u00cdA MUNDIAL DE LA TOMA DE CONCIENCIA DEL ABUSO Y MALTRATO EN LA VEJEZ.<\/p>\n\n\n\n<p><br> Su conmemoraci\u00f3n tiene como objetivo \u2022difundir, concientizar y educar\u2022 a toda la poblaci\u00f3n\u2026 Oportunidad tambi\u00e9n, para reflexionar y promover acciones de protecci\u00f3n y promoci\u00f3n de los DERECHOS de las PERSONAS MAYORES\u2026<\/p>\n\n\n\n<p><br> En el espacio de talleres, junto a los Residentes, reflexionaron sobre los tipos de maltrato y las formas en que nos gusta que nos traten; confeccionaron folletos y carteles infogr\u00e1ficos. As\u00ed se puso en marcha un stand y compartieron una jornada de concientizaci\u00f3n con toda la comunidad.<\/p>\n\n\n\n<figure class=\"wp-block-image size-large\"><img loading=\"lazy\" width=\"1024\" height=\"768\" src=\"https:\/\/www.revistarescatados.com.ar\/web\/wp-content\/uploads\/2022\/06\/Hogar-1-1024x768.jpg\" alt=\"\" class=\"wp-image-17505\" srcset=\"https:\/\/www.revistarescatados.com.ar\/web\/wp-content\/uploads\/2022\/06\/Hogar-1-1024x768.jpg 1024w, https:\/\/www.revistarescatados.com.ar\/web\/wp-content\/uploads\/2022\/06\/Hogar-1-300x225.jpg 300w, https:\/\/www.revistarescatados.com.ar\/web\/wp-content\/uploads\/2022\/06\/Hogar-1-768x576.jpg 768w, https:\/\/www.revistarescatados.com.ar\/web\/wp-content\/uploads\/2022\/06\/Hogar-1.jpg 1152w\" sizes=\"(max-width: 1024px) 100vw, 1024px\" \/><\/figure>\n\n\n\n<p><br> &#8220;Agradecemos a todos los que se acercaron, y se sumaron, como tambi\u00e9n a directivos, docentes y alumnos de la Escuela T\u00e9cnica N\u00b0642 &#8220;Mercedes San Mart\u00edn de Balcarce&#8221; y Escuela Especial &#8220;Luis Marcos Tiscornia&#8221;; y al personal del SEM por el traslado de los residentes&#8221;, destacaron desde el geri\u00e1trico.<\/p>\n","protected":false},"excerpt":{"rendered":"<p>Con el objetivo de difundir, concientizar y educar a toda la poblaci\u00f3n, los residentes, personal y comisi\u00f3n repartieron folletos frente a la escuela t\u00e9cnica en la ma\u00f1ana del mi\u00e9rcoles. En el a\u00f1o&#46;&#46;&#46;<\/p>\n","protected":false},"author":1,"featured_media":17504,"comment_status":"closed","ping_status":"closed","sticky":false,"template":"","format":"standard","meta":[],"categories":[2,3,16,8],"tags":[],"_links":{"self":[{"href":"https:\/\/www.revistarescatados.com.ar\/web\/wp-json\/wp\/v2\/posts\/17503"}],"collection":[{"href":"https:\/\/www.revistarescatados.com.ar\/web\/wp-json\/wp\/v2\/posts"}],"about":[{"href":"https:\/\/www.revistarescatados.com.ar\/web\/wp-json\/wp\/v2\/types\/post"}],"author":[{"embeddable":true,"href":"https:\/\/www.revistarescatados.com.ar\/web\/wp-json\/wp\/v2\/users\/1"}],"replies":[{"embeddable":true,"href":"https:\/\/www.revistarescatados.com.ar\/web\/wp-json\/wp\/v2\/comments?post=17503"}],"version-history":[{"count":1,"href":"https:\/\/www.revistarescatados.com.ar\/web\/wp-json\/wp\/v2\/posts\/17503\/revisions"}],"predecessor-version":[{"id":17506,"href":"https:\/\/www.revistarescatados.com.ar\/web\/wp-json\/wp\/v2\/posts\/17503\/revisions\/17506"}],"wp:featuredmedia":[{"embeddable":true,"href":"https:\/\/www.revistarescatados.com.ar\/web\/wp-json\/wp\/v2\/media\/17504"}],"wp:attachment":[{"href":"https:\/\/www.revistarescatados.com.ar\/web\/wp-json\/wp\/v2\/media?parent=17503"}],"wp:term":[{"taxonomy":"category","embeddable":true,"href":"https:\/\/www.revistarescatados.com.ar\/web\/wp-json\/wp\/v2\/categories?post=17503"},{"taxonomy":"post_tag","embeddable":true,"href":"https:\/\/www.revistarescatados.com.ar\/web\/wp-json\/wp\/v2\/tags?post=17503"}],"curies":[{"name":"wp","href":"https:\/\/api.w.org\/{rel}","templated":true}]}}