{"id":17547,"date":"2022-06-27T23:05:09","date_gmt":"2022-06-28T02:05:09","guid":{"rendered":"https:\/\/www.revistarescatados.com.ar\/web\/?p=17547"},"modified":"2022-06-27T23:05:13","modified_gmt":"2022-06-28T02:05:13","slug":"mas-de-150-dirigentes-y-representantes-de-entidades-se-reunieron-en-margarita-por-la-ruta-11","status":"publish","type":"post","link":"https:\/\/www.revistarescatados.com.ar\/web\/2022\/06\/27\/mas-de-150-dirigentes-y-representantes-de-entidades-se-reunieron-en-margarita-por-la-ruta-11\/","title":{"rendered":"M\u00e1s de 150 dirigentes y representantes de entidades se reunieron en Margarita por la Ruta 11"},"content":{"rendered":"\n<p><\/p>\n\n\n\n<p><strong><span class=\"has-inline-color has-vivid-red-color\">El encuentro cont\u00f3 con la presencia de legisladores nacionales, provinciales, intendentes, presidentes comunales, concejales y referentes de entidades de localidades que est\u00e1n a la vera de esta ruta. \u201cFirmamos un petitorio donde, entre otras cuestiones, solicitamos que el gobernador se ponga al frente de este reclamo para que se realice la reparaci\u00f3n de la calzada de manera urgente y se avance con la concreci\u00f3n de la autov\u00eda\u201d, afirm\u00f3 el senador nacional Dionisio Scarpin.<\/span><\/strong><\/p>\n\n\n\n<figure class=\"wp-block-image size-large\"><img loading=\"lazy\" width=\"1024\" height=\"768\" src=\"https:\/\/www.revistarescatados.com.ar\/web\/wp-content\/uploads\/2022\/06\/Jornada-ruta-11-Margarita-1024x768.jpg\" alt=\"\" class=\"wp-image-17548\" srcset=\"https:\/\/www.revistarescatados.com.ar\/web\/wp-content\/uploads\/2022\/06\/Jornada-ruta-11-Margarita-1024x768.jpg 1024w, https:\/\/www.revistarescatados.com.ar\/web\/wp-content\/uploads\/2022\/06\/Jornada-ruta-11-Margarita-300x225.jpg 300w, https:\/\/www.revistarescatados.com.ar\/web\/wp-content\/uploads\/2022\/06\/Jornada-ruta-11-Margarita-768x576.jpg 768w, https:\/\/www.revistarescatados.com.ar\/web\/wp-content\/uploads\/2022\/06\/Jornada-ruta-11-Margarita.jpg 1280w\" sizes=\"(max-width: 1024px) 100vw, 1024px\" \/><\/figure>\n\n\n\n<p>Este lunes en el Club Sarmiento de la localidad de Margarita en el departamento Vera, se reunieron m\u00e1s de 150 representantes de entidades productivas y dirigentes, para reclamar por el estado de la Ruta Nacional 11. En el encuentro estuvo presente el senador nacional de Juntos por el Cambio, Dionisio Scarpin, y cont\u00f3 tambi\u00e9n con la participaci\u00f3n de diputados nacionales, provinciales, intendentes, presidentes comunales y concejales.<\/p>\n\n\n\n<p>En la oportunidad, los participantes relataron los peligros a los que se exponen quienes transitan por esta arteria, y las complicaciones que trae para el traslado de la producci\u00f3n y para la vida cotidiana. \u201cEl reclamo tiene que ver con una respuesta inmediata que necesitamos. Todos los que transitamos la Ruta 11, pr\u00e1cticamente arriesgamos la vida, ni hablar si es un d\u00eda de lluvia. Hay licitaciones encaminadas pero las m\u00e1quinas no aparecen y el pedido es que las m\u00e1quinas est\u00e9n trabajando de manera urgente en la reparaci\u00f3n de la ruta\u201d, afirm\u00f3 el legislador nacional de Juntos por el Cambio.<\/p>\n\n\n\n<p>En el mismo sentido, el senador nacional afirm\u00f3 que este es el reclamo coyuntural y agreg\u00f3: \u201cPero no perdemos de vista que el objetivo central es la autov\u00eda. Desde el a\u00f1o 1960 que lleg\u00f3 el asfalto al norte pasaron muchos a\u00f1os y la producci\u00f3n se duplic\u00f3, los camiones se han multiplicado y las poblaciones tambi\u00e9n\u201d.<\/p>\n\n\n\n<p>Por otra parte, Dionisio Scarpin destac\u00f3 la convocatoria y la presencia de dirigentes pol\u00edticos y de entidades de la zona. \u201cTodos los estamos ac\u00e1 de alguna u otra manera hemos hecho acciones individuales, y algunas colectivas, con respecto a este tema. Pero estoy convencido de que tenemos que estar juntos para lograr el objetivo\u201d, indic\u00f3.<\/p>\n\n\n\n<figure class=\"wp-block-image size-full\"><img loading=\"lazy\" width=\"986\" height=\"594\" src=\"https:\/\/www.revistarescatados.com.ar\/web\/wp-content\/uploads\/2022\/06\/Jornada-ruta-11-Margarita-1.jpg\" alt=\"\" class=\"wp-image-17549\" srcset=\"https:\/\/www.revistarescatados.com.ar\/web\/wp-content\/uploads\/2022\/06\/Jornada-ruta-11-Margarita-1.jpg 986w, https:\/\/www.revistarescatados.com.ar\/web\/wp-content\/uploads\/2022\/06\/Jornada-ruta-11-Margarita-1-300x181.jpg 300w, https:\/\/www.revistarescatados.com.ar\/web\/wp-content\/uploads\/2022\/06\/Jornada-ruta-11-Margarita-1-768x463.jpg 768w\" sizes=\"(max-width: 986px) 100vw, 986px\" \/><\/figure>\n\n\n\n<p><strong>Petitorio<\/strong><\/p>\n\n\n\n<p>Los participantes firmaron un documento, que ser\u00e1 entregado al gobernador Omar Perotti, donde le solicitan al mandatario que se ponga al frente del reclamo. Adem\u00e1s, en el mismo petitorio, indicaron que \u201cla Ruta Nacional N\u00b011 es la \u00fanica v\u00eda de comunicaci\u00f3n desde Santa Fe hasta Florencia. Perdimos el tren, no tenemos conexi\u00f3n a\u00e9rea ni fluvial, siendo hoy insegura, porque se encuentra deteriorada, lo que habla de un Estado ausente\u201d.<\/p>\n\n\n\n<p>En el mismo escrito, solicitaron que, desde la localidad de Recreo hasta Florencia, se convierta en autov\u00eda y que se ejecute las obras para circunvalar las ciudades de Reconquista y Avellaneda. Adem\u00e1s, conformaron una comisi\u00f3n con actores p\u00fablicos y privados, para que realicen un seguimiento de las acciones realizadas.<\/p>\n\n\n\n<p>El petitorio fue rubricado, entre otros, por el&nbsp; senador provincial de Vera, Osvaldo Sosa; el senador provincial de General Obligado, Orfilio Marc\u00f3n; el senador provincial de San Justo, Rodrigo Borla; el diputado nacional, Gabriel Chumpitaz; la diputada nacional, Victoria Tejeda; la diputada nacional, Carolina Castets; la diputada provincial, Marlen Esp\u0144dola; el diputado provincial, Fabi\u00e1n Bast\u00eda; el secretario ejecutivo del ECAM, Silvio Gonz\u00e1lez; el intendente de Avellaneda, Gonzalo Braidot; el intendente de San Justo, Nicol\u00e1s Cuesta; el intendente de Malabrigo, Roberto Spont\u00f3n; el presidente comunal de Margarita, Ariel Bola\u00f1o; el presidente comunal de Nelson, H\u00e9ctor Leiva; el presidente comunal de La Gallareta, Fernando Nicola; el presidente comunal de El Araz\u00e1, Edgardo Cainelli; el presidente comunal de Marcelino Escalada, Gerardo Lazzarini; el presidente comunal de La Penca y Caraguat\u00e1, Edgardo Ravelli; el presidente comunal de Colonia Dolores, Mario Villalba; el presidente comunal de Toba, Hern\u00e1n Niemiz.<\/p>\n","protected":false},"excerpt":{"rendered":"<p>El encuentro cont\u00f3 con la presencia de legisladores nacionales, provinciales, intendentes, presidentes comunales, concejales y referentes de entidades de localidades que est\u00e1n a la vera de esta ruta. \u201cFirmamos un petitorio donde,&#46;&#46;&#46;<\/p>\n","protected":false},"author":1,"featured_media":17549,"comment_status":"closed","ping_status":"closed","sticky":false,"template":"","format":"standard","meta":[],"categories":[3,16,13,8],"tags":[],"_links":{"self":[{"href":"https:\/\/www.revistarescatados.com.ar\/web\/wp-json\/wp\/v2\/posts\/17547"}],"collection":[{"href":"https:\/\/www.revistarescatados.com.ar\/web\/wp-json\/wp\/v2\/posts"}],"about":[{"href":"https:\/\/www.revistarescatados.com.ar\/web\/wp-json\/wp\/v2\/types\/post"}],"author":[{"embeddable":true,"href":"https:\/\/www.revistarescatados.com.ar\/web\/wp-json\/wp\/v2\/users\/1"}],"replies":[{"embeddable":true,"href":"https:\/\/www.revistarescatados.com.ar\/web\/wp-json\/wp\/v2\/comments?post=17547"}],"version-history":[{"count":1,"href":"https:\/\/www.revistarescatados.com.ar\/web\/wp-json\/wp\/v2\/posts\/17547\/revisions"}],"predecessor-version":[{"id":17550,"href":"https:\/\/www.revistarescatados.com.ar\/web\/wp-json\/wp\/v2\/posts\/17547\/revisions\/17550"}],"wp:featuredmedia":[{"embeddable":true,"href":"https:\/\/www.revistarescatados.com.ar\/web\/wp-json\/wp\/v2\/media\/17549"}],"wp:attachment":[{"href":"https:\/\/www.revistarescatados.com.ar\/web\/wp-json\/wp\/v2\/media?parent=17547"}],"wp:term":[{"taxonomy":"category","embeddable":true,"href":"https:\/\/www.revistarescatados.com.ar\/web\/wp-json\/wp\/v2\/categories?post=17547"},{"taxonomy":"post_tag","embeddable":true,"href":"https:\/\/www.revistarescatados.com.ar\/web\/wp-json\/wp\/v2\/tags?post=17547"}],"curies":[{"name":"wp","href":"https:\/\/api.w.org\/{rel}","templated":true}]}}