{"id":17555,"date":"2022-06-27T23:36:43","date_gmt":"2022-06-28T02:36:43","guid":{"rendered":"https:\/\/www.revistarescatados.com.ar\/web\/?p=17555"},"modified":"2022-06-28T00:01:39","modified_gmt":"2022-06-28T03:01:39","slug":"el-club-carlos-gardel-inauguro-sus-tribunas","status":"publish","type":"post","link":"https:\/\/www.revistarescatados.com.ar\/web\/2022\/06\/27\/el-club-carlos-gardel-inauguro-sus-tribunas\/","title":{"rendered":"El Club Carlos Gardel inaugur\u00f3 sus tribunas"},"content":{"rendered":"\n<p><\/p>\n\n\n\n<p><strong><span class=\"has-inline-color has-vivid-red-color\">Con un sencillo pero emotivo acto, el tanguero concret\u00f3 un nuevo sue\u00f1o compartido. \u201cGracias al trabajo y sacrificio de todos los quieren a esta hermosa instituci\u00f3n se pudo lograr\u201d, destac\u00f3 la comisi\u00f3n directiva.<\/span><\/strong><\/p>\n\n\n\n<figure class=\"wp-block-image size-large\"><img loading=\"lazy\" width=\"1024\" height=\"576\" src=\"https:\/\/www.revistarescatados.com.ar\/web\/wp-content\/uploads\/2022\/06\/Tribuna-Gardel-2-1024x576.jpg\" alt=\"\" class=\"wp-image-17556\" srcset=\"https:\/\/www.revistarescatados.com.ar\/web\/wp-content\/uploads\/2022\/06\/Tribuna-Gardel-2-1024x576.jpg 1024w, https:\/\/www.revistarescatados.com.ar\/web\/wp-content\/uploads\/2022\/06\/Tribuna-Gardel-2-300x169.jpg 300w, https:\/\/www.revistarescatados.com.ar\/web\/wp-content\/uploads\/2022\/06\/Tribuna-Gardel-2-768x432.jpg 768w, https:\/\/www.revistarescatados.com.ar\/web\/wp-content\/uploads\/2022\/06\/Tribuna-Gardel-2.jpg 1080w\" sizes=\"(max-width: 1024px) 100vw, 1024px\" \/><\/figure>\n\n\n\n<p>En la tarde de este domingo 26 de junio, se llev\u00f3 a cabo el acto de inauguraci\u00f3n de la tribuna del club Carlos Gardel. \u201cEs un sue\u00f1o deseado por todos los hinchas del tanguero, que gracias al trabajo y sacrificio de todos los quieren a \u00e9sta hermosa instituci\u00f3n se pudo lograr\u201d, destac\u00f3 el presidente de la entidad Daniel \u00c1lvarez.<\/p>\n\n\n\n<p>La edificaci\u00f3n de la tribuna inici\u00f3 con un aporte de $750.000 \u2013 un aporte gestionado por el municipio dentro del Plan Incluir de la provincia &#8211; &nbsp;que alcanz\u00f3 para la edificaci\u00f3n de siete escalones por 12 metros. Sin embargo, el tes\u00f3n y esfuerzo mancomunado &#8211; &nbsp;sumando fondos propios de la entidad &#8211; se logr\u00f3 una tribuna con 10 escalones y 20 metros de ancho; con capacidad para 400 personas.<\/p>\n\n\n\n<p>En el acto, se le impuso el nombre de <strong>Hugo Daniel \u201cHueso\u201d Gim\u00e9nez<\/strong>, fan\u00e1tico hincha e integrante de la comisi\u00f3n directiva fallecido durante la pandemia.<\/p>\n\n\n\n<p>Del acto particip\u00f3 el intendente Rub\u00e9n Cuello, concejales, autoridades y p\u00fablico en general que colm\u00f3 las gradas. El Banco Credicoop de Calchaqu\u00ed adem\u00e1s realiz\u00f3 la donaci\u00f3n de una computadora.<\/p>\n\n\n\n<figure class=\"wp-block-image size-full\"><img loading=\"lazy\" width=\"963\" height=\"642\" src=\"https:\/\/www.revistarescatados.com.ar\/web\/wp-content\/uploads\/2022\/06\/Tribuna-Gardel-1.jpg\" alt=\"\" class=\"wp-image-17557\" srcset=\"https:\/\/www.revistarescatados.com.ar\/web\/wp-content\/uploads\/2022\/06\/Tribuna-Gardel-1.jpg 963w, https:\/\/www.revistarescatados.com.ar\/web\/wp-content\/uploads\/2022\/06\/Tribuna-Gardel-1-300x200.jpg 300w, https:\/\/www.revistarescatados.com.ar\/web\/wp-content\/uploads\/2022\/06\/Tribuna-Gardel-1-768x512.jpg 768w\" sizes=\"(max-width: 963px) 100vw, 963px\" \/><\/figure>\n\n\n\n<p><strong>Torneo de f\u00fatbol infantil<\/strong><\/p>\n\n\n\n<p>El 10 de julio del 2022 vuelve El Tanguerito. En su s\u00e9ptima edici\u00f3n, habr\u00e1 equipos de toda la zona en las categor\u00edas 2009-2010-2011-2012-2013-2014-2015-2016 y 2017\/18.-<\/p>\n\n\n\n<p>Los interesados en participar pueden comunicarse a los tel\u00e9fonos (03483)-15433204\/15433152.-<\/p>\n","protected":false},"excerpt":{"rendered":"<p>Con un sencillo pero emotivo acto, el tanguero concret\u00f3 un nuevo sue\u00f1o compartido. \u201cGracias al trabajo y sacrificio de todos los quieren a esta hermosa instituci\u00f3n se pudo lograr\u201d, destac\u00f3 la comisi\u00f3n&#46;&#46;&#46;<\/p>\n","protected":false},"author":1,"featured_media":17556,"comment_status":"closed","ping_status":"closed","sticky":false,"template":"","format":"standard","meta":[],"categories":[2,3,17,16],"tags":[],"_links":{"self":[{"href":"https:\/\/www.revistarescatados.com.ar\/web\/wp-json\/wp\/v2\/posts\/17555"}],"collection":[{"href":"https:\/\/www.revistarescatados.com.ar\/web\/wp-json\/wp\/v2\/posts"}],"about":[{"href":"https:\/\/www.revistarescatados.com.ar\/web\/wp-json\/wp\/v2\/types\/post"}],"author":[{"embeddable":true,"href":"https:\/\/www.revistarescatados.com.ar\/web\/wp-json\/wp\/v2\/users\/1"}],"replies":[{"embeddable":true,"href":"https:\/\/www.revistarescatados.com.ar\/web\/wp-json\/wp\/v2\/comments?post=17555"}],"version-history":[{"count":3,"href":"https:\/\/www.revistarescatados.com.ar\/web\/wp-json\/wp\/v2\/posts\/17555\/revisions"}],"predecessor-version":[{"id":17561,"href":"https:\/\/www.revistarescatados.com.ar\/web\/wp-json\/wp\/v2\/posts\/17555\/revisions\/17561"}],"wp:featuredmedia":[{"embeddable":true,"href":"https:\/\/www.revistarescatados.com.ar\/web\/wp-json\/wp\/v2\/media\/17556"}],"wp:attachment":[{"href":"https:\/\/www.revistarescatados.com.ar\/web\/wp-json\/wp\/v2\/media?parent=17555"}],"wp:term":[{"taxonomy":"category","embeddable":true,"href":"https:\/\/www.revistarescatados.com.ar\/web\/wp-json\/wp\/v2\/categories?post=17555"},{"taxonomy":"post_tag","embeddable":true,"href":"https:\/\/www.revistarescatados.com.ar\/web\/wp-json\/wp\/v2\/tags?post=17555"}],"curies":[{"name":"wp","href":"https:\/\/api.w.org\/{rel}","templated":true}]}}