{"id":17562,"date":"2022-06-29T00:34:59","date_gmt":"2022-06-29T03:34:59","guid":{"rendered":"https:\/\/www.revistarescatados.com.ar\/web\/?p=17562"},"modified":"2022-06-30T00:32:01","modified_gmt":"2022-06-30T03:32:01","slug":"esclarecen-un-hurto-calificado-en-calchaqui","status":"publish","type":"post","link":"https:\/\/www.revistarescatados.com.ar\/web\/2022\/06\/29\/esclarecen-un-hurto-calificado-en-calchaqui\/","title":{"rendered":"Esclarecen un hurto calificado en Calchaqu\u00ed"},"content":{"rendered":"\n<p><strong><span class=\"has-inline-color has-vivid-red-color\">Un joven mayor de edad qued\u00f3 involucrado en la sustracci\u00f3n de calzados y una reposera, tras saltar el tapial de una vivienda. La polic\u00eda recuper\u00f3 los elementos denunciados.<\/span><\/strong><\/p>\n\n\n\n<figure class=\"wp-block-image size-large\"><img loading=\"lazy\" width=\"1024\" height=\"701\" src=\"https:\/\/www.revistarescatados.com.ar\/web\/wp-content\/uploads\/2022\/06\/robo-zapatillas-1024x701.jpg\" alt=\"\" class=\"wp-image-17563\" srcset=\"https:\/\/www.revistarescatados.com.ar\/web\/wp-content\/uploads\/2022\/06\/robo-zapatillas-1024x701.jpg 1024w, https:\/\/www.revistarescatados.com.ar\/web\/wp-content\/uploads\/2022\/06\/robo-zapatillas-300x205.jpg 300w, https:\/\/www.revistarescatados.com.ar\/web\/wp-content\/uploads\/2022\/06\/robo-zapatillas-768x525.jpg 768w, https:\/\/www.revistarescatados.com.ar\/web\/wp-content\/uploads\/2022\/06\/robo-zapatillas.jpg 1200w\" sizes=\"(max-width: 1024px) 100vw, 1024px\" \/><\/figure>\n\n\n\n<p>Personal policial de la Comisaria 2 da de Calchaqu\u00ed&nbsp; recibi\u00f3 la denuncia radicada por un vecino &#8211; &nbsp;previo a saltar un tapial trasero de su vivienda &#8211; le sustrajeron un par de zapaitllas Ol\u00edmpicus, un par de botas de mujer de color oliva y un sill\u00f3n reposera.<\/p>\n\n\n\n<p>Tras las diligencias practicadas por personal policial establecen que no ser\u00eda ajeno al il\u00edcito un hombre, mayor de edad.<\/p>\n\n\n\n<p>Se logr\u00f3 recuperar los objetos denunciados como sustra\u00eddo. Interviene UFI NRO 4- Vera.-&nbsp;&nbsp;&nbsp;&nbsp;&nbsp;&nbsp;&nbsp;&nbsp;&nbsp;&nbsp;&nbsp;&nbsp;&nbsp;&nbsp;&nbsp;&nbsp;&nbsp;&nbsp;&nbsp;&nbsp;&nbsp;&nbsp;&nbsp;&nbsp;&nbsp;&nbsp;&nbsp;&nbsp;&nbsp;&nbsp;&nbsp;&nbsp;&nbsp;&nbsp;&nbsp;&nbsp;&nbsp;&nbsp;&nbsp;&nbsp;&nbsp;&nbsp;&nbsp;&nbsp;&nbsp;&nbsp;&nbsp;&nbsp;&nbsp;&nbsp;&nbsp;&nbsp;&nbsp;&nbsp;&nbsp;&nbsp;&nbsp;&nbsp;&nbsp;&nbsp;&nbsp;&nbsp;&nbsp;&nbsp;&nbsp;&nbsp;&nbsp;&nbsp;&nbsp;&nbsp;&nbsp;&nbsp;<\/p>\n","protected":false},"excerpt":{"rendered":"<p>Un joven mayor de edad qued\u00f3 involucrado en la sustracci\u00f3n de calzados y una reposera, tras saltar el tapial de una vivienda. La polic\u00eda recuper\u00f3 los elementos denunciados. Personal policial de la&#46;&#46;&#46;<\/p>\n","protected":false},"author":1,"featured_media":17563,"comment_status":"closed","ping_status":"closed","sticky":false,"template":"","format":"standard","meta":[],"categories":[2,3,16,11],"tags":[],"_links":{"self":[{"href":"https:\/\/www.revistarescatados.com.ar\/web\/wp-json\/wp\/v2\/posts\/17562"}],"collection":[{"href":"https:\/\/www.revistarescatados.com.ar\/web\/wp-json\/wp\/v2\/posts"}],"about":[{"href":"https:\/\/www.revistarescatados.com.ar\/web\/wp-json\/wp\/v2\/types\/post"}],"author":[{"embeddable":true,"href":"https:\/\/www.revistarescatados.com.ar\/web\/wp-json\/wp\/v2\/users\/1"}],"replies":[{"embeddable":true,"href":"https:\/\/www.revistarescatados.com.ar\/web\/wp-json\/wp\/v2\/comments?post=17562"}],"version-history":[{"count":2,"href":"https:\/\/www.revistarescatados.com.ar\/web\/wp-json\/wp\/v2\/posts\/17562\/revisions"}],"predecessor-version":[{"id":17573,"href":"https:\/\/www.revistarescatados.com.ar\/web\/wp-json\/wp\/v2\/posts\/17562\/revisions\/17573"}],"wp:featuredmedia":[{"embeddable":true,"href":"https:\/\/www.revistarescatados.com.ar\/web\/wp-json\/wp\/v2\/media\/17563"}],"wp:attachment":[{"href":"https:\/\/www.revistarescatados.com.ar\/web\/wp-json\/wp\/v2\/media?parent=17562"}],"wp:term":[{"taxonomy":"category","embeddable":true,"href":"https:\/\/www.revistarescatados.com.ar\/web\/wp-json\/wp\/v2\/categories?post=17562"},{"taxonomy":"post_tag","embeddable":true,"href":"https:\/\/www.revistarescatados.com.ar\/web\/wp-json\/wp\/v2\/tags?post=17562"}],"curies":[{"name":"wp","href":"https:\/\/api.w.org\/{rel}","templated":true}]}}