{"id":17565,"date":"2022-06-29T00:51:52","date_gmt":"2022-06-29T03:51:52","guid":{"rendered":"https:\/\/www.revistarescatados.com.ar\/web\/?p=17565"},"modified":"2022-06-29T00:51:56","modified_gmt":"2022-06-29T03:51:56","slug":"un-camion-volco-cerca-de-la-entrada-hacia-la-laguna-el-cristal","status":"publish","type":"post","link":"https:\/\/www.revistarescatados.com.ar\/web\/2022\/06\/29\/un-camion-volco-cerca-de-la-entrada-hacia-la-laguna-el-cristal\/","title":{"rendered":"Un cami\u00f3n volc\u00f3 cerca de la entrada hacia la laguna El Cristal"},"content":{"rendered":"\n<p><strong><span class=\"has-inline-color has-vivid-red-color\">El transporte de carga anoche perdi\u00f3 el control y termin\u00f3 volcado a la vera de la ruta 11, al sur de Calchaqu\u00ed. Transportaba bobinas de papel y se dirig\u00eda hacia la mediterr\u00e1nea provincia de C\u00f3rdoba.<\/span><\/strong> <strong><span class=\"has-inline-color has-vivid-red-color\">Solo se reportaron da\u00f1os materiales.<\/span><\/strong><\/p>\n\n\n\n<figure class=\"wp-block-image size-full\"><img loading=\"lazy\" width=\"800\" height=\"450\" src=\"https:\/\/www.revistarescatados.com.ar\/web\/wp-content\/uploads\/2022\/06\/vuelco.jpg\" alt=\"\" class=\"wp-image-17566\" srcset=\"https:\/\/www.revistarescatados.com.ar\/web\/wp-content\/uploads\/2022\/06\/vuelco.jpg 800w, https:\/\/www.revistarescatados.com.ar\/web\/wp-content\/uploads\/2022\/06\/vuelco-300x169.jpg 300w, https:\/\/www.revistarescatados.com.ar\/web\/wp-content\/uploads\/2022\/06\/vuelco-768x432.jpg 768w\" sizes=\"(max-width: 800px) 100vw, 800px\" \/><\/figure>\n\n\n\n<p>Un cami\u00f3n marca Volvo que transitaba con sentido Norte \u2013 Sur, conducido por una misionero, perdi\u00f3 el control y termino volcando en la banquina a la vera de la Ruta nacional Nro. 11  cerca del ingreso a la laguna El Cristal.<\/p>\n\n\n\n<p>Solo se registraron da\u00f1os materiales en el rodado de gran porte se dirig\u00eda hacia C\u00f3rdoba con bobinas de papel.<\/p>\n\n\n\n<p>Orden\u00f3 el tr\u00e1nsito policial de la comisar\u00eda segunda de Calchaqu\u00ed sin necesidad de cortar la transitabilidad por la ruta.<\/p>\n","protected":false},"excerpt":{"rendered":"<p>El transporte de carga anoche perdi\u00f3 el control y termin\u00f3 volcado a la vera de la ruta 11, al sur de Calchaqu\u00ed. Transportaba bobinas de papel y se dirig\u00eda hacia la mediterr\u00e1nea&#46;&#46;&#46;<\/p>\n","protected":false},"author":1,"featured_media":17566,"comment_status":"closed","ping_status":"closed","sticky":false,"template":"","format":"standard","meta":[],"categories":[2,3,16,11],"tags":[],"_links":{"self":[{"href":"https:\/\/www.revistarescatados.com.ar\/web\/wp-json\/wp\/v2\/posts\/17565"}],"collection":[{"href":"https:\/\/www.revistarescatados.com.ar\/web\/wp-json\/wp\/v2\/posts"}],"about":[{"href":"https:\/\/www.revistarescatados.com.ar\/web\/wp-json\/wp\/v2\/types\/post"}],"author":[{"embeddable":true,"href":"https:\/\/www.revistarescatados.com.ar\/web\/wp-json\/wp\/v2\/users\/1"}],"replies":[{"embeddable":true,"href":"https:\/\/www.revistarescatados.com.ar\/web\/wp-json\/wp\/v2\/comments?post=17565"}],"version-history":[{"count":1,"href":"https:\/\/www.revistarescatados.com.ar\/web\/wp-json\/wp\/v2\/posts\/17565\/revisions"}],"predecessor-version":[{"id":17567,"href":"https:\/\/www.revistarescatados.com.ar\/web\/wp-json\/wp\/v2\/posts\/17565\/revisions\/17567"}],"wp:featuredmedia":[{"embeddable":true,"href":"https:\/\/www.revistarescatados.com.ar\/web\/wp-json\/wp\/v2\/media\/17566"}],"wp:attachment":[{"href":"https:\/\/www.revistarescatados.com.ar\/web\/wp-json\/wp\/v2\/media?parent=17565"}],"wp:term":[{"taxonomy":"category","embeddable":true,"href":"https:\/\/www.revistarescatados.com.ar\/web\/wp-json\/wp\/v2\/categories?post=17565"},{"taxonomy":"post_tag","embeddable":true,"href":"https:\/\/www.revistarescatados.com.ar\/web\/wp-json\/wp\/v2\/tags?post=17565"}],"curies":[{"name":"wp","href":"https:\/\/api.w.org\/{rel}","templated":true}]}}