{"id":17597,"date":"2022-07-01T19:31:24","date_gmt":"2022-07-01T22:31:24","guid":{"rendered":"https:\/\/www.revistarescatados.com.ar\/web\/?p=17597"},"modified":"2022-07-01T19:31:29","modified_gmt":"2022-07-01T22:31:29","slug":"veinte-jovenes-se-capacitan-en-un-curso-de-manicuria-basica-y-esmaltado-semipermanente","status":"publish","type":"post","link":"https:\/\/www.revistarescatados.com.ar\/web\/2022\/07\/01\/veinte-jovenes-se-capacitan-en-un-curso-de-manicuria-basica-y-esmaltado-semipermanente\/","title":{"rendered":"Veinte j\u00f3venes se capacitan en un curso de manicur\u00eda b\u00e1sica y esmaltado semipermanente"},"content":{"rendered":"\n<p><br>Las j\u00f3venes de nuestra localidad est\u00e1n participando de esta capacitaci\u00f3n para formarse como profesionales en manicur\u00eda, capaces de tratar, cuidar y embellecer u\u00f1as mediante la t\u00e9cnica de esmaltado semipermanente. <\/p>\n\n\n\n<figure class=\"wp-block-image size-full\"><img loading=\"lazy\" width=\"674\" height=\"354\" src=\"https:\/\/www.revistarescatados.com.ar\/web\/wp-content\/uploads\/2022\/07\/esmaltado-de-unas.jpg\" alt=\"\" class=\"wp-image-17598\" srcset=\"https:\/\/www.revistarescatados.com.ar\/web\/wp-content\/uploads\/2022\/07\/esmaltado-de-unas.jpg 674w, https:\/\/www.revistarescatados.com.ar\/web\/wp-content\/uploads\/2022\/07\/esmaltado-de-unas-300x158.jpg 300w\" sizes=\"(max-width: 674px) 100vw, 674px\" \/><\/figure>\n\n\n\n<p><br>Esta capacitaci\u00f3n laboral se desarrolla dentro del marco del programa Santa Fe Capacita. Tiene como objetivo brindar herramientas para quienes buscan un nuevo empleo o para quienes ya se en encuentran trabajando y desean incorporar nuevas competencias y\/o saberes.<\/p>\n","protected":false},"excerpt":{"rendered":"<p>Las j\u00f3venes de nuestra localidad est\u00e1n participando de esta capacitaci\u00f3n para formarse como profesionales en manicur\u00eda, capaces de tratar, cuidar y embellecer u\u00f1as mediante la t\u00e9cnica de esmaltado semipermanente. Esta capacitaci\u00f3n laboral&#46;&#46;&#46;<\/p>\n","protected":false},"author":1,"featured_media":17598,"comment_status":"closed","ping_status":"closed","sticky":false,"template":"","format":"standard","meta":[],"categories":[2,3,16,8],"tags":[],"_links":{"self":[{"href":"https:\/\/www.revistarescatados.com.ar\/web\/wp-json\/wp\/v2\/posts\/17597"}],"collection":[{"href":"https:\/\/www.revistarescatados.com.ar\/web\/wp-json\/wp\/v2\/posts"}],"about":[{"href":"https:\/\/www.revistarescatados.com.ar\/web\/wp-json\/wp\/v2\/types\/post"}],"author":[{"embeddable":true,"href":"https:\/\/www.revistarescatados.com.ar\/web\/wp-json\/wp\/v2\/users\/1"}],"replies":[{"embeddable":true,"href":"https:\/\/www.revistarescatados.com.ar\/web\/wp-json\/wp\/v2\/comments?post=17597"}],"version-history":[{"count":1,"href":"https:\/\/www.revistarescatados.com.ar\/web\/wp-json\/wp\/v2\/posts\/17597\/revisions"}],"predecessor-version":[{"id":17599,"href":"https:\/\/www.revistarescatados.com.ar\/web\/wp-json\/wp\/v2\/posts\/17597\/revisions\/17599"}],"wp:featuredmedia":[{"embeddable":true,"href":"https:\/\/www.revistarescatados.com.ar\/web\/wp-json\/wp\/v2\/media\/17598"}],"wp:attachment":[{"href":"https:\/\/www.revistarescatados.com.ar\/web\/wp-json\/wp\/v2\/media?parent=17597"}],"wp:term":[{"taxonomy":"category","embeddable":true,"href":"https:\/\/www.revistarescatados.com.ar\/web\/wp-json\/wp\/v2\/categories?post=17597"},{"taxonomy":"post_tag","embeddable":true,"href":"https:\/\/www.revistarescatados.com.ar\/web\/wp-json\/wp\/v2\/tags?post=17597"}],"curies":[{"name":"wp","href":"https:\/\/api.w.org\/{rel}","templated":true}]}}