{"id":1760,"date":"2018-08-31T13:21:01","date_gmt":"2018-08-31T16:21:01","guid":{"rendered":"http:\/\/www.revistarescatados.com.ar\/web\/?p=1760"},"modified":"2018-08-31T13:21:01","modified_gmt":"2018-08-31T16:21:01","slug":"se-entregaron-certificados-del-curso-de-instalacion-de-calefones-solares","status":"publish","type":"post","link":"https:\/\/www.revistarescatados.com.ar\/web\/2018\/08\/31\/se-entregaron-certificados-del-curso-de-instalacion-de-calefones-solares\/","title":{"rendered":"Se entregaron certificados del curso de instalaci\u00f3n de calefones solares"},"content":{"rendered":"<p><img loading=\"lazy\" class=\"aligncenter size-full wp-image-1761\" src=\"http:\/\/www.revistarescatados.com.ar\/web\/wp-content\/uploads\/2018\/08\/Certificados-Calefones.jpg\" alt=\"\" width=\"1280\" height=\"853\" srcset=\"https:\/\/www.revistarescatados.com.ar\/web\/wp-content\/uploads\/2018\/08\/Certificados-Calefones.jpg 1280w, https:\/\/www.revistarescatados.com.ar\/web\/wp-content\/uploads\/2018\/08\/Certificados-Calefones-300x200.jpg 300w, https:\/\/www.revistarescatados.com.ar\/web\/wp-content\/uploads\/2018\/08\/Certificados-Calefones-768x512.jpg 768w, https:\/\/www.revistarescatados.com.ar\/web\/wp-content\/uploads\/2018\/08\/Certificados-Calefones-1024x682.jpg 1024w\" sizes=\"(max-width: 1280px) 100vw, 1280px\" \/><\/p>\n<p><span style=\"color: #0000ff;\"><strong>En el marco del Plan del Norte, m\u00e1s de 40 ciudadanos del departamento Vera recibieron sus diplomas tras participar en la capacitaci\u00f3n dictada por la secretar\u00eda de Estado de la Energ\u00eda.<\/strong><\/span><\/p>\n<p>Sergio Rojas explic\u00f3 que \u201cun eslab\u00f3n fundamental en el desarrollo del ecosistema de las energ\u00edas renovables son los recursos humanos dedicados a la instalaci\u00f3n de los equipos. El Gobierno de Santa Fe trabaja fuertemente en este segmento, capacitando a lo largo y ancho de la provincia y creando nuevas habilidades que ofrecen oportunidades laborales\u201d.<\/p>\n<p>En esa direcci\u00f3n, el coordinador del Plan del Norte indic\u00f3 que \u201chan participado plomeros, gasistas, alba\u00f1iles, que ven una salida laboral en esta capacitaci\u00f3n, la cual tuvo una carga horaria de 25 horas. Seguiremos impulsando este tipo de programas que favorecen la adquisici\u00f3n de nuevas capacidades en oficios\u201d.<\/p>\n<p><span style=\"color: #0000ff;\"><strong>CURSO<\/strong><\/span><\/p>\n<p>El curso de instalaci\u00f3n de sistemas compactos de energ\u00eda solar t\u00e9rmica (calefones solares) se dict\u00f3 en en el sal\u00f3n de Amsafe de Vera, y fue totalmente gratuito. Asistieron m\u00e1s de 40 ciudadanos de diferentes localidades del departamento Vera.<\/p>\n<p>El objetivo de esta capacitaci\u00f3n es conocer y aplicar los conceptos b\u00e1sicos de aprovechamiento de energ\u00eda solar t\u00e9rmica para obtener agua caliente sanitaria, instalar calefones solares para uso domiciliario conforme a los procedimientos establecidos y normas de seguridad e higiene vigentes. La misma finaliza con la instalaci\u00f3n de equipos en una instituci\u00f3n p\u00fablica de la comunidad y la verificaci\u00f3n de su correcto funcionamiento.<\/p>\n<p>&nbsp;<\/p>\n","protected":false},"excerpt":{"rendered":"<p>En el marco del Plan del Norte, m\u00e1s de 40 ciudadanos del departamento Vera recibieron sus diplomas tras participar en la capacitaci\u00f3n dictada por la secretar\u00eda de Estado de la Energ\u00eda. Sergio&#46;&#46;&#46;<\/p>\n","protected":false},"author":1,"featured_media":1761,"comment_status":"closed","ping_status":"open","sticky":false,"template":"","format":"standard","meta":[],"categories":[3,14,8],"tags":[],"_links":{"self":[{"href":"https:\/\/www.revistarescatados.com.ar\/web\/wp-json\/wp\/v2\/posts\/1760"}],"collection":[{"href":"https:\/\/www.revistarescatados.com.ar\/web\/wp-json\/wp\/v2\/posts"}],"about":[{"href":"https:\/\/www.revistarescatados.com.ar\/web\/wp-json\/wp\/v2\/types\/post"}],"author":[{"embeddable":true,"href":"https:\/\/www.revistarescatados.com.ar\/web\/wp-json\/wp\/v2\/users\/1"}],"replies":[{"embeddable":true,"href":"https:\/\/www.revistarescatados.com.ar\/web\/wp-json\/wp\/v2\/comments?post=1760"}],"version-history":[{"count":1,"href":"https:\/\/www.revistarescatados.com.ar\/web\/wp-json\/wp\/v2\/posts\/1760\/revisions"}],"predecessor-version":[{"id":1762,"href":"https:\/\/www.revistarescatados.com.ar\/web\/wp-json\/wp\/v2\/posts\/1760\/revisions\/1762"}],"wp:featuredmedia":[{"embeddable":true,"href":"https:\/\/www.revistarescatados.com.ar\/web\/wp-json\/wp\/v2\/media\/1761"}],"wp:attachment":[{"href":"https:\/\/www.revistarescatados.com.ar\/web\/wp-json\/wp\/v2\/media?parent=1760"}],"wp:term":[{"taxonomy":"category","embeddable":true,"href":"https:\/\/www.revistarescatados.com.ar\/web\/wp-json\/wp\/v2\/categories?post=1760"},{"taxonomy":"post_tag","embeddable":true,"href":"https:\/\/www.revistarescatados.com.ar\/web\/wp-json\/wp\/v2\/tags?post=1760"}],"curies":[{"name":"wp","href":"https:\/\/api.w.org\/{rel}","templated":true}]}}