{"id":17600,"date":"2022-07-01T20:04:40","date_gmt":"2022-07-01T23:04:40","guid":{"rendered":"https:\/\/www.revistarescatados.com.ar\/web\/?p=17600"},"modified":"2022-07-01T20:04:45","modified_gmt":"2022-07-01T23:04:45","slug":"reacondicionamiento-de-calles-en-calchaqui","status":"publish","type":"post","link":"https:\/\/www.revistarescatados.com.ar\/web\/2022\/07\/01\/reacondicionamiento-de-calles-en-calchaqui\/","title":{"rendered":"Reacondicionamiento de calles en Calchaqu\u00ed"},"content":{"rendered":"\n<p><strong><span class=\"has-inline-color has-vivid-red-color\">Se comenz\u00f3 con el arreglo de la Calle Sargento Cabral, entre Av Col\u00f3n y Ej\u00e9rcito Argentino, afectada por la implementaci\u00f3n de nuevas cloacas. <\/span><\/strong><\/p>\n\n\n\n<figure class=\"wp-block-image size-large\"><img loading=\"lazy\" width=\"1024\" height=\"576\" src=\"https:\/\/www.revistarescatados.com.ar\/web\/wp-content\/uploads\/2022\/07\/reacondicionan-calles-1024x576.jpg\" alt=\"\" class=\"wp-image-17601\" srcset=\"https:\/\/www.revistarescatados.com.ar\/web\/wp-content\/uploads\/2022\/07\/reacondicionan-calles-1024x576.jpg 1024w, https:\/\/www.revistarescatados.com.ar\/web\/wp-content\/uploads\/2022\/07\/reacondicionan-calles-300x169.jpg 300w, https:\/\/www.revistarescatados.com.ar\/web\/wp-content\/uploads\/2022\/07\/reacondicionan-calles-768x432.jpg 768w, https:\/\/www.revistarescatados.com.ar\/web\/wp-content\/uploads\/2022\/07\/reacondicionan-calles-1536x864.jpg 1536w, https:\/\/www.revistarescatados.com.ar\/web\/wp-content\/uploads\/2022\/07\/reacondicionan-calles.jpg 1599w\" sizes=\"(max-width: 1024px) 100vw, 1024px\" \/><\/figure>\n\n\n\n<p><br>Adem\u00e1s se est\u00e1 trabajando en el arreglo de la Calle San Lorenzo, entre San Mart\u00edn y Cabral. <\/p>\n\n\n\n<p><br>Secretar\u00eda de Obras y Servicios P\u00fablicos<\/p>\n\n\n\n<p><br>? Calle Ap Justo 1240<\/p>\n\n\n\n<p><br>? Atenci\u00f3n al p\u00fablico de lunes a viernes de 7 a 12 y de 14 a 17hs.<\/p>\n\n\n\n<p><br>3483 &#8211; 447076 (Llamadas y Whatsapp)<\/p>\n","protected":false},"excerpt":{"rendered":"<p>Se comenz\u00f3 con el arreglo de la Calle Sargento Cabral, entre Av Col\u00f3n y Ej\u00e9rcito Argentino, afectada por la implementaci\u00f3n de nuevas cloacas. Adem\u00e1s se est\u00e1 trabajando en el arreglo de la&#46;&#46;&#46;<\/p>\n","protected":false},"author":1,"featured_media":17601,"comment_status":"closed","ping_status":"closed","sticky":false,"template":"","format":"standard","meta":[],"categories":[2,3,16,8],"tags":[],"_links":{"self":[{"href":"https:\/\/www.revistarescatados.com.ar\/web\/wp-json\/wp\/v2\/posts\/17600"}],"collection":[{"href":"https:\/\/www.revistarescatados.com.ar\/web\/wp-json\/wp\/v2\/posts"}],"about":[{"href":"https:\/\/www.revistarescatados.com.ar\/web\/wp-json\/wp\/v2\/types\/post"}],"author":[{"embeddable":true,"href":"https:\/\/www.revistarescatados.com.ar\/web\/wp-json\/wp\/v2\/users\/1"}],"replies":[{"embeddable":true,"href":"https:\/\/www.revistarescatados.com.ar\/web\/wp-json\/wp\/v2\/comments?post=17600"}],"version-history":[{"count":1,"href":"https:\/\/www.revistarescatados.com.ar\/web\/wp-json\/wp\/v2\/posts\/17600\/revisions"}],"predecessor-version":[{"id":17602,"href":"https:\/\/www.revistarescatados.com.ar\/web\/wp-json\/wp\/v2\/posts\/17600\/revisions\/17602"}],"wp:featuredmedia":[{"embeddable":true,"href":"https:\/\/www.revistarescatados.com.ar\/web\/wp-json\/wp\/v2\/media\/17601"}],"wp:attachment":[{"href":"https:\/\/www.revistarescatados.com.ar\/web\/wp-json\/wp\/v2\/media?parent=17600"}],"wp:term":[{"taxonomy":"category","embeddable":true,"href":"https:\/\/www.revistarescatados.com.ar\/web\/wp-json\/wp\/v2\/categories?post=17600"},{"taxonomy":"post_tag","embeddable":true,"href":"https:\/\/www.revistarescatados.com.ar\/web\/wp-json\/wp\/v2\/tags?post=17600"}],"curies":[{"name":"wp","href":"https:\/\/api.w.org\/{rel}","templated":true}]}}