{"id":17603,"date":"2022-07-02T00:20:03","date_gmt":"2022-07-02T03:20:03","guid":{"rendered":"https:\/\/www.revistarescatados.com.ar\/web\/?p=17603"},"modified":"2022-07-02T00:20:08","modified_gmt":"2022-07-02T03:20:08","slug":"sosa-entrego-aportes-a-instituciones-de-fortin-olmos","status":"publish","type":"post","link":"https:\/\/www.revistarescatados.com.ar\/web\/2022\/07\/02\/sosa-entrego-aportes-a-instituciones-de-fortin-olmos\/","title":{"rendered":"Sosa entreg\u00f3 aportes a instituciones de Fort\u00edn Olmos"},"content":{"rendered":"\n<p><strong><span class=\"has-inline-color has-vivid-red-color\">En la localidad de Fort\u00edn Olmos y junto al Presidente de Comuna, Rodrigo Acevedo, el senador provincial por el departamento Vera hizo entrega de aportes econ\u00f3micos y de elementos a instituciones locales.<\/span><\/strong><\/p>\n\n\n\n<figure class=\"wp-block-image size-large\"><img loading=\"lazy\" width=\"1024\" height=\"461\" src=\"https:\/\/www.revistarescatados.com.ar\/web\/wp-content\/uploads\/2022\/07\/aportes-sosa-Fortin-Olmos-1024x461.jpeg\" alt=\"\" class=\"wp-image-17604\" srcset=\"https:\/\/www.revistarescatados.com.ar\/web\/wp-content\/uploads\/2022\/07\/aportes-sosa-Fortin-Olmos-1024x461.jpeg 1024w, https:\/\/www.revistarescatados.com.ar\/web\/wp-content\/uploads\/2022\/07\/aportes-sosa-Fortin-Olmos-300x135.jpeg 300w, https:\/\/www.revistarescatados.com.ar\/web\/wp-content\/uploads\/2022\/07\/aportes-sosa-Fortin-Olmos-768x346.jpeg 768w, https:\/\/www.revistarescatados.com.ar\/web\/wp-content\/uploads\/2022\/07\/aportes-sosa-Fortin-Olmos.jpeg 1280w\" sizes=\"(max-width: 1024px) 100vw, 1024px\" \/><\/figure>\n\n\n\n<p>Comenzamos con una nueva instituci\u00f3n deportiva, Club Atl\u00e9tico Fort\u00edn Olmos, el cual colaboramos con pelotas para los partidos oficiales y con la primera parte de las farolas que van a iluminar la cancha del polideportivo comunal.<\/p>\n\n\n\n<p>Seguidamente y despu\u00e9s de escuchar los avances y los proyectos para el futuro, hicimos entrega de recursos econ\u00f3micos al Centro Nuevo Esperanza, con el compromiso de seguir trabajando juntos para que la discapacidad que a todos nos toca de una u otra manera, sea la menos posible.<\/p>\n\n\n\n<p>Sabemos que las instituciones escolares siempre hacen un gran sacrificio para seguir adelante y para seguir mejorando. Y en sentido la Escuela N\u00b0211 \u201cSan Jos\u00e9 Obrero\u201d tambi\u00e9n recibi\u00f3 un aporte, destinado al avance de la obra que tiene como finalidad un SUM para la instituci\u00f3n.<\/p>\n\n\n\n<p>Como hombre de la salud no pod\u00eda dejar pasar mi eterno agradecimiento a su personal, que en las \u00e9pocas m\u00e1s dif\u00edciles estuvieron en el frente de batalla, recordando por supuesto a Carlitos Romero que libro dos batallas, la de Malvinas y la del Covid.<\/p>\n\n\n\n<p>Al SAMCO de Fort\u00edn Olmos, le hicimos entrega de frazadas y de s\u00e1banas para los pacientes que d\u00eda a d\u00eda se atienden ah\u00ed.<\/p>\n\n\n\n<p>Con gran alegr\u00eda nos contaban los j\u00f3venes de la escuela secundaria su participaci\u00f3n en el congreso de ni\u00f1ez, lo que nos demuestra que a ellos solo tenemos que darles las oportunidades.<\/p>\n\n\n\n<p>Hicimos entrega a los padres de los alumnos de 5to a\u00f1o un aporte econ\u00f3mico para la fiesta de fin de a\u00f1o.<\/p>\n\n\n\n<p>Valoro much\u00edsimo las cooperadoras de las diferentes instituciones, pero particularmente las escolares, porque son ellos que ya sea por los ni\u00f1os o por sentido de pertenencia dedican horas y trabajo por una mejor educaci\u00f3n.<\/p>\n\n\n\n<p>Realizamos entrega de recursos econ\u00f3micos a la Cooperadora de la Escuela N\u00b06212 \u201cEsteban Laureano Maradona\u201d con destino a la compra de un freezer y para terminar de pintar el edificio escolar.<\/p>\n\n\n\n<p>Para culminar con la entrega de aportes y despu\u00e9s de contarnos todas las actividades que se aproximan y que vienen realizando, hicimos entrega de recursos al Centro de Jubilados de la localidad para solventar gastos que vienen teniendo como instituci\u00f3n, adem\u00e1s despu\u00e9s de la reuni\u00f3n, visitamos la sede que tienen en construcci\u00f3n y conversamos sobre la idea de realizar un encuentro con otros centros de jubilados para empezar a tejer lazos institucionales.<\/p>\n\n\n\n<p>Despu\u00e9s de la reuni\u00f3n, nos juntamos con un grupo de vecinos para conversar sobre una preocupaci\u00f3n que tenemos todos, que es la falta de energ\u00eda en el distrito de Fort\u00edn Olmos, y sugerir ideas para realizar un reclamo en conjunto.<\/p>\n","protected":false},"excerpt":{"rendered":"<p>En la localidad de Fort\u00edn Olmos y junto al Presidente de Comuna, Rodrigo Acevedo, el senador provincial por el departamento Vera hizo entrega de aportes econ\u00f3micos y de elementos a instituciones locales.&#46;&#46;&#46;<\/p>\n","protected":false},"author":1,"featured_media":17604,"comment_status":"closed","ping_status":"closed","sticky":false,"template":"","format":"standard","meta":[],"categories":[3,16,10],"tags":[],"_links":{"self":[{"href":"https:\/\/www.revistarescatados.com.ar\/web\/wp-json\/wp\/v2\/posts\/17603"}],"collection":[{"href":"https:\/\/www.revistarescatados.com.ar\/web\/wp-json\/wp\/v2\/posts"}],"about":[{"href":"https:\/\/www.revistarescatados.com.ar\/web\/wp-json\/wp\/v2\/types\/post"}],"author":[{"embeddable":true,"href":"https:\/\/www.revistarescatados.com.ar\/web\/wp-json\/wp\/v2\/users\/1"}],"replies":[{"embeddable":true,"href":"https:\/\/www.revistarescatados.com.ar\/web\/wp-json\/wp\/v2\/comments?post=17603"}],"version-history":[{"count":1,"href":"https:\/\/www.revistarescatados.com.ar\/web\/wp-json\/wp\/v2\/posts\/17603\/revisions"}],"predecessor-version":[{"id":17605,"href":"https:\/\/www.revistarescatados.com.ar\/web\/wp-json\/wp\/v2\/posts\/17603\/revisions\/17605"}],"wp:featuredmedia":[{"embeddable":true,"href":"https:\/\/www.revistarescatados.com.ar\/web\/wp-json\/wp\/v2\/media\/17604"}],"wp:attachment":[{"href":"https:\/\/www.revistarescatados.com.ar\/web\/wp-json\/wp\/v2\/media?parent=17603"}],"wp:term":[{"taxonomy":"category","embeddable":true,"href":"https:\/\/www.revistarescatados.com.ar\/web\/wp-json\/wp\/v2\/categories?post=17603"},{"taxonomy":"post_tag","embeddable":true,"href":"https:\/\/www.revistarescatados.com.ar\/web\/wp-json\/wp\/v2\/tags?post=17603"}],"curies":[{"name":"wp","href":"https:\/\/api.w.org\/{rel}","templated":true}]}}