{"id":17609,"date":"2022-07-05T02:20:00","date_gmt":"2022-07-05T05:20:00","guid":{"rendered":"https:\/\/www.revistarescatados.com.ar\/web\/?p=17609"},"modified":"2022-07-05T02:20:04","modified_gmt":"2022-07-05T05:20:04","slug":"cinco-docentes-de-calchaqui-recibieron-las-llaves-de-sus-viviendas","status":"publish","type":"post","link":"https:\/\/www.revistarescatados.com.ar\/web\/2022\/07\/05\/cinco-docentes-de-calchaqui-recibieron-las-llaves-de-sus-viviendas\/","title":{"rendered":"Cinco docentes de Calchaqu\u00ed recibieron las llaves de sus viviendas"},"content":{"rendered":"\n<p><\/p>\n\n\n\n<p><strong><span class=\"has-inline-color has-vivid-red-color\">Fue en un acto realizado en la sede municipal. En tanto, otras 6 familias accedieron a las escrituras de sus unidades habitacionales.<\/span><\/strong><\/p>\n\n\n\n<figure class=\"wp-block-image size-full\"><img loading=\"lazy\" width=\"922\" height=\"528\" src=\"https:\/\/www.revistarescatados.com.ar\/web\/wp-content\/uploads\/2022\/07\/viviendas.jpg\" alt=\"\" class=\"wp-image-17610\" srcset=\"https:\/\/www.revistarescatados.com.ar\/web\/wp-content\/uploads\/2022\/07\/viviendas.jpg 922w, https:\/\/www.revistarescatados.com.ar\/web\/wp-content\/uploads\/2022\/07\/viviendas-300x172.jpg 300w, https:\/\/www.revistarescatados.com.ar\/web\/wp-content\/uploads\/2022\/07\/viviendas-768x440.jpg 768w\" sizes=\"(max-width: 922px) 100vw, 922px\" \/><\/figure>\n\n\n\n<p>Este lunes 4 de julio, el Secretario de H\u00e1bitat, Amado Zorz\u00f3n, junto al intendente, Rub\u00e9n Cuello, y al Senador Osvaldo Sosa, entregaron las llaves de cinco viviendas de terreno propio y seis escrituras de diferentes planes de viviendas.<\/p>\n\n\n\n<p>En su alocuci\u00f3n el intendente destac\u00f3 que con la entrega de estas 5 nuevas viviendas, se suman 86 casas entregadas durante su gesti\u00f3n. \u201cEs importante para nosotros, a pesar de la escasez de viviendas que tenemos en la comunidad. Tenemos 4 expedientes en tr\u00e1mite para la ejecuci\u00f3n de nuevas viviendas y adem\u00e1s estamos avanzando con un plan de viviendas con naci\u00f3n y provincia, aunque a\u00fan est\u00e1 retrasada la cuesti\u00f3n\u201d, indic\u00f3 Cuello.<\/p>\n\n\n\n<iframe loading=\"lazy\" src=\"https:\/\/www.facebook.com\/plugins\/video.php?height=314&#038;href=https%3A%2F%2Fwww.facebook.com%2Frescatados.calchaqui.5%2Fvideos%2F1239301970188110%2F&#038;show_text=false&#038;width=560&#038;t=0\" width=\"560\" height=\"314\" style=\"border:none;overflow:hidden\" scrolling=\"no\" frameborder=\"0\" allowfullscreen=\"true\" allow=\"autoplay; clipboard-write; encrypted-media; picture-in-picture; web-share\" allowFullScreen=\"true\"><\/iframe>\n\n\n\n<p>Por su parte, el senador Osvaldo Sosa valor\u00f3 que es \u201cmuy emocionante estar en la entrega de viviendas, que con seguridad se van a convertir en hogares porque van a convertir esas paredes en algo hermoso, que las familias lo pueden hacer\u201d. Asimismo ponder\u00f3 la gran cantidad de obras que est\u00e1 llevando adelante el gobierno provincial en cada localidad del departamento Vera.<\/p>\n\n\n\n<p>Por su parte, Amado Zorz\u00f3n &nbsp;&#8211; secretario de habitad de la provincia \u2013 reconoci\u00f3 las demoras en la entrega de las viviendas producto de la coyuntura que atraviesa la econom\u00eda; aunque brind\u00f3 como dato que en Calchaqu\u00ed se est\u00e1n ejecutando 51 viviendas con fondos del Procrear.<\/p>\n","protected":false},"excerpt":{"rendered":"<p>Fue en un acto realizado en la sede municipal. En tanto, otras 6 familias accedieron a las escrituras de sus unidades habitacionales. Este lunes 4 de julio, el Secretario de H\u00e1bitat, Amado&#46;&#46;&#46;<\/p>\n","protected":false},"author":1,"featured_media":17610,"comment_status":"closed","ping_status":"closed","sticky":false,"template":"","format":"standard","meta":[],"categories":[2,3,16,8],"tags":[],"_links":{"self":[{"href":"https:\/\/www.revistarescatados.com.ar\/web\/wp-json\/wp\/v2\/posts\/17609"}],"collection":[{"href":"https:\/\/www.revistarescatados.com.ar\/web\/wp-json\/wp\/v2\/posts"}],"about":[{"href":"https:\/\/www.revistarescatados.com.ar\/web\/wp-json\/wp\/v2\/types\/post"}],"author":[{"embeddable":true,"href":"https:\/\/www.revistarescatados.com.ar\/web\/wp-json\/wp\/v2\/users\/1"}],"replies":[{"embeddable":true,"href":"https:\/\/www.revistarescatados.com.ar\/web\/wp-json\/wp\/v2\/comments?post=17609"}],"version-history":[{"count":1,"href":"https:\/\/www.revistarescatados.com.ar\/web\/wp-json\/wp\/v2\/posts\/17609\/revisions"}],"predecessor-version":[{"id":17611,"href":"https:\/\/www.revistarescatados.com.ar\/web\/wp-json\/wp\/v2\/posts\/17609\/revisions\/17611"}],"wp:featuredmedia":[{"embeddable":true,"href":"https:\/\/www.revistarescatados.com.ar\/web\/wp-json\/wp\/v2\/media\/17610"}],"wp:attachment":[{"href":"https:\/\/www.revistarescatados.com.ar\/web\/wp-json\/wp\/v2\/media?parent=17609"}],"wp:term":[{"taxonomy":"category","embeddable":true,"href":"https:\/\/www.revistarescatados.com.ar\/web\/wp-json\/wp\/v2\/categories?post=17609"},{"taxonomy":"post_tag","embeddable":true,"href":"https:\/\/www.revistarescatados.com.ar\/web\/wp-json\/wp\/v2\/tags?post=17609"}],"curies":[{"name":"wp","href":"https:\/\/api.w.org\/{rel}","templated":true}]}}