{"id":17625,"date":"2022-07-06T02:03:24","date_gmt":"2022-07-06T05:03:24","guid":{"rendered":"https:\/\/www.revistarescatados.com.ar\/web\/?p=17625"},"modified":"2022-07-06T02:03:28","modified_gmt":"2022-07-06T05:03:28","slug":"en-la-plaza-renovada-del-barrio-malvinas-los-ninos-se-divierten","status":"publish","type":"post","link":"https:\/\/www.revistarescatados.com.ar\/web\/2022\/07\/06\/en-la-plaza-renovada-del-barrio-malvinas-los-ninos-se-divierten\/","title":{"rendered":"En la plaza renovada del barrio Malvinas los ni\u00f1os se divierten"},"content":{"rendered":"\n<p><br><strong><span class=\"has-inline-color has-vivid-red-color\">Este s\u00e1bado lleg\u00f3 al populoso vecindario, el programa &#8220;Tu barrio en Movimiento&#8221;. Acompa\u00f1ados por el equipo de profes y asistentes, los chicos disfrutaron de una tarde aprendiendo bombo, slackline, expresi\u00f3n art\u00edstica, y otras actividades recreativas. <\/span><\/strong><\/p>\n\n\n\n<figure class=\"wp-block-image size-large\"><img loading=\"lazy\" width=\"1024\" height=\"768\" src=\"http:\/\/www.revistarescatados.com.ar\/web\/wp-content\/uploads\/2022\/07\/tu-barrio-en-movimiento-Malvinas-1024x768.jpg\" alt=\"\" class=\"wp-image-17626\" srcset=\"https:\/\/www.revistarescatados.com.ar\/web\/wp-content\/uploads\/2022\/07\/tu-barrio-en-movimiento-Malvinas-1024x768.jpg 1024w, https:\/\/www.revistarescatados.com.ar\/web\/wp-content\/uploads\/2022\/07\/tu-barrio-en-movimiento-Malvinas-300x225.jpg 300w, https:\/\/www.revistarescatados.com.ar\/web\/wp-content\/uploads\/2022\/07\/tu-barrio-en-movimiento-Malvinas-768x576.jpg 768w, https:\/\/www.revistarescatados.com.ar\/web\/wp-content\/uploads\/2022\/07\/tu-barrio-en-movimiento-Malvinas.jpg 1319w\" sizes=\"(max-width: 1024px) 100vw, 1024px\" \/><\/figure>\n\n\n\n<p><br>El programa itinerante &#8220;Tu Barrio en Movimiento&#8221; continuar\u00e1 los s\u00e1bados de julio en el parquecito del Barrio Malvinas . Recordamos que anteriormente fue el turno de los Barrios San Cayetano y San Mart\u00edn. <\/p>\n\n\n\n<figure class=\"wp-block-image size-large\"><img loading=\"lazy\" width=\"1024\" height=\"1024\" src=\"https:\/\/www.revistarescatados.com.ar\/web\/wp-content\/uploads\/2022\/07\/plaza-Malvinas-1024x1024.jpg\" alt=\"\" class=\"wp-image-17627\" srcset=\"https:\/\/www.revistarescatados.com.ar\/web\/wp-content\/uploads\/2022\/07\/plaza-Malvinas-1024x1024.jpg 1024w, https:\/\/www.revistarescatados.com.ar\/web\/wp-content\/uploads\/2022\/07\/plaza-Malvinas-300x300.jpg 300w, https:\/\/www.revistarescatados.com.ar\/web\/wp-content\/uploads\/2022\/07\/plaza-Malvinas-150x150.jpg 150w, https:\/\/www.revistarescatados.com.ar\/web\/wp-content\/uploads\/2022\/07\/plaza-Malvinas-768x768.jpg 768w, https:\/\/www.revistarescatados.com.ar\/web\/wp-content\/uploads\/2022\/07\/plaza-Malvinas-80x80.jpg 80w, https:\/\/www.revistarescatados.com.ar\/web\/wp-content\/uploads\/2022\/07\/plaza-Malvinas-320x320.jpg 320w, https:\/\/www.revistarescatados.com.ar\/web\/wp-content\/uploads\/2022\/07\/plaza-Malvinas.jpg 1080w\" sizes=\"(max-width: 1024px) 100vw, 1024px\" \/><\/figure>\n\n\n\n<p>D\u00edas, pasados, personal de la secretaria de medioambiente realiz\u00f3 trabajos para restaurar integralmente la plazoleta, embelleci\u00e9ndose los canteros, juegos, pintura, forestaci\u00f3n, colocaci\u00f3n de flores. Los ni\u00f1os ya la est\u00e1n disfrutando.<\/p>\n\n\n\n<p>Tareas similares de restauraci\u00f3n integral se realizaron en la Plazoleta del Centro Integrador Comunitario(CIC). A disfrutar y cuidar entre todos.<\/p>\n","protected":false},"excerpt":{"rendered":"<p>Este s\u00e1bado lleg\u00f3 al populoso vecindario, el programa &#8220;Tu barrio en Movimiento&#8221;. Acompa\u00f1ados por el equipo de profes y asistentes, los chicos disfrutaron de una tarde aprendiendo bombo, slackline, expresi\u00f3n art\u00edstica, y&#46;&#46;&#46;<\/p>\n","protected":false},"author":1,"featured_media":17626,"comment_status":"closed","ping_status":"closed","sticky":false,"template":"","format":"standard","meta":[],"categories":[2,3,17,16,8],"tags":[],"_links":{"self":[{"href":"https:\/\/www.revistarescatados.com.ar\/web\/wp-json\/wp\/v2\/posts\/17625"}],"collection":[{"href":"https:\/\/www.revistarescatados.com.ar\/web\/wp-json\/wp\/v2\/posts"}],"about":[{"href":"https:\/\/www.revistarescatados.com.ar\/web\/wp-json\/wp\/v2\/types\/post"}],"author":[{"embeddable":true,"href":"https:\/\/www.revistarescatados.com.ar\/web\/wp-json\/wp\/v2\/users\/1"}],"replies":[{"embeddable":true,"href":"https:\/\/www.revistarescatados.com.ar\/web\/wp-json\/wp\/v2\/comments?post=17625"}],"version-history":[{"count":1,"href":"https:\/\/www.revistarescatados.com.ar\/web\/wp-json\/wp\/v2\/posts\/17625\/revisions"}],"predecessor-version":[{"id":17628,"href":"https:\/\/www.revistarescatados.com.ar\/web\/wp-json\/wp\/v2\/posts\/17625\/revisions\/17628"}],"wp:featuredmedia":[{"embeddable":true,"href":"https:\/\/www.revistarescatados.com.ar\/web\/wp-json\/wp\/v2\/media\/17626"}],"wp:attachment":[{"href":"https:\/\/www.revistarescatados.com.ar\/web\/wp-json\/wp\/v2\/media?parent=17625"}],"wp:term":[{"taxonomy":"category","embeddable":true,"href":"https:\/\/www.revistarescatados.com.ar\/web\/wp-json\/wp\/v2\/categories?post=17625"},{"taxonomy":"post_tag","embeddable":true,"href":"https:\/\/www.revistarescatados.com.ar\/web\/wp-json\/wp\/v2\/tags?post=17625"}],"curies":[{"name":"wp","href":"https:\/\/api.w.org\/{rel}","templated":true}]}}