{"id":17661,"date":"2022-07-13T00:02:36","date_gmt":"2022-07-13T03:02:36","guid":{"rendered":"https:\/\/www.revistarescatados.com.ar\/web\/?p=17661"},"modified":"2022-07-13T00:02:44","modified_gmt":"2022-07-13T03:02:44","slug":"seis-jovenes-emprendedores-de-calchaqui-se-capacitan-en-gestion-empresarial","status":"publish","type":"post","link":"https:\/\/www.revistarescatados.com.ar\/web\/2022\/07\/13\/seis-jovenes-emprendedores-de-calchaqui-se-capacitan-en-gestion-empresarial\/","title":{"rendered":"Seis j\u00f3venes emprendedores de Calchaqu\u00ed se capacitan en gesti\u00f3n empresarial"},"content":{"rendered":"\n<p><strong><span class=\"has-inline-color has-vivid-red-color\">La Oficina de Empleo Municipal dio inici\u00f3 al quinto Curso de Gesti\u00f3n Empresarial perteneciente al Programa de Empleo Independiente. <\/span><\/strong><\/p>\n\n\n\n<figure class=\"wp-block-image size-full\"><img loading=\"lazy\" width=\"673\" height=\"354\" src=\"https:\/\/www.revistarescatados.com.ar\/web\/wp-content\/uploads\/2022\/07\/Capacitacion-emprendedores.jpg\" alt=\"\" class=\"wp-image-17662\" srcset=\"https:\/\/www.revistarescatados.com.ar\/web\/wp-content\/uploads\/2022\/07\/Capacitacion-emprendedores.jpg 673w, https:\/\/www.revistarescatados.com.ar\/web\/wp-content\/uploads\/2022\/07\/Capacitacion-emprendedores-300x158.jpg 300w\" sizes=\"(max-width: 673px) 100vw, 673px\" \/><\/figure>\n\n\n\n<p>El programa tiene como objetivo brindar apoyo, orientaci\u00f3n y medios para que emprendedores y potenciales emprendedores puedan desarrollar su idea de negocio. <\/p>\n\n\n\n<p>Esta orientaci\u00f3n se brinda en formato de taller por medio del curso de Gesti\u00f3n Empresarial y actualmente participan 6 j\u00f3venes emprendedores locales. <\/p>\n\n\n\n<p>El programa est\u00e1 especialmente dirigido a trabajadores desocupados e independientes que tengan experiencia o conozcan su oficio.<\/p>\n","protected":false},"excerpt":{"rendered":"<p>La Oficina de Empleo Municipal dio inici\u00f3 al quinto Curso de Gesti\u00f3n Empresarial perteneciente al Programa de Empleo Independiente. El programa tiene como objetivo brindar apoyo, orientaci\u00f3n y medios para que emprendedores&#46;&#46;&#46;<\/p>\n","protected":false},"author":1,"featured_media":17662,"comment_status":"closed","ping_status":"closed","sticky":false,"template":"","format":"standard","meta":[],"categories":[2,3,16,8],"tags":[],"_links":{"self":[{"href":"https:\/\/www.revistarescatados.com.ar\/web\/wp-json\/wp\/v2\/posts\/17661"}],"collection":[{"href":"https:\/\/www.revistarescatados.com.ar\/web\/wp-json\/wp\/v2\/posts"}],"about":[{"href":"https:\/\/www.revistarescatados.com.ar\/web\/wp-json\/wp\/v2\/types\/post"}],"author":[{"embeddable":true,"href":"https:\/\/www.revistarescatados.com.ar\/web\/wp-json\/wp\/v2\/users\/1"}],"replies":[{"embeddable":true,"href":"https:\/\/www.revistarescatados.com.ar\/web\/wp-json\/wp\/v2\/comments?post=17661"}],"version-history":[{"count":1,"href":"https:\/\/www.revistarescatados.com.ar\/web\/wp-json\/wp\/v2\/posts\/17661\/revisions"}],"predecessor-version":[{"id":17663,"href":"https:\/\/www.revistarescatados.com.ar\/web\/wp-json\/wp\/v2\/posts\/17661\/revisions\/17663"}],"wp:featuredmedia":[{"embeddable":true,"href":"https:\/\/www.revistarescatados.com.ar\/web\/wp-json\/wp\/v2\/media\/17662"}],"wp:attachment":[{"href":"https:\/\/www.revistarescatados.com.ar\/web\/wp-json\/wp\/v2\/media?parent=17661"}],"wp:term":[{"taxonomy":"category","embeddable":true,"href":"https:\/\/www.revistarescatados.com.ar\/web\/wp-json\/wp\/v2\/categories?post=17661"},{"taxonomy":"post_tag","embeddable":true,"href":"https:\/\/www.revistarescatados.com.ar\/web\/wp-json\/wp\/v2\/tags?post=17661"}],"curies":[{"name":"wp","href":"https:\/\/api.w.org\/{rel}","templated":true}]}}