{"id":17669,"date":"2022-07-14T00:36:20","date_gmt":"2022-07-14T03:36:20","guid":{"rendered":"https:\/\/www.revistarescatados.com.ar\/web\/?p=17669"},"modified":"2022-07-14T00:36:25","modified_gmt":"2022-07-14T03:36:25","slug":"este-domingo-se-realiza-una-fiesta-de-destrezas-criollas-en-calchaqui","status":"publish","type":"post","link":"https:\/\/www.revistarescatados.com.ar\/web\/2022\/07\/14\/este-domingo-se-realiza-una-fiesta-de-destrezas-criollas-en-calchaqui\/","title":{"rendered":"Este domingo, se realiza una Fiesta de destrezas criollas en Calchaqu\u00ed"},"content":{"rendered":"\n<p><\/p>\n\n\n\n<p><strong><span class=\"has-inline-color has-vivid-red-color\">Iniciar\u00e1 a las 9 de la ma\u00f1ana en el Monumento a la Madre, organizada por la Agrupaci\u00f3n gaucha \u201cEl Manolo\u201d. Habr\u00e1 carrera de sortijas, prueba de riendas, feria de artesanos y pilcheros y un cierre chamamecero.<\/span><\/strong><\/p>\n\n\n\n<figure class=\"wp-block-image size-large\"><img loading=\"lazy\" width=\"1024\" height=\"421\" src=\"https:\/\/www.revistarescatados.com.ar\/web\/wp-content\/uploads\/2022\/07\/Agrupacion-Gaucha-El-Manolo-1024x421.jpg\" alt=\"\" class=\"wp-image-17670\" srcset=\"https:\/\/www.revistarescatados.com.ar\/web\/wp-content\/uploads\/2022\/07\/Agrupacion-Gaucha-El-Manolo-1024x421.jpg 1024w, https:\/\/www.revistarescatados.com.ar\/web\/wp-content\/uploads\/2022\/07\/Agrupacion-Gaucha-El-Manolo-300x123.jpg 300w, https:\/\/www.revistarescatados.com.ar\/web\/wp-content\/uploads\/2022\/07\/Agrupacion-Gaucha-El-Manolo-768x316.jpg 768w, https:\/\/www.revistarescatados.com.ar\/web\/wp-content\/uploads\/2022\/07\/Agrupacion-Gaucha-El-Manolo.jpg 1380w\" sizes=\"(max-width: 1024px) 100vw, 1024px\" \/><\/figure>\n\n\n\n<p>Se ultiman detalles para la nueva edici\u00f3n de la fiesta de destrezas gauchas, a realizarse este domingo 17 de julio. La comisi\u00f3n de la Agrupaci\u00f3n gaucha \u201cEl Manolo\u201d &#8211; presidida por Adri\u00e1n Taborda &#8211; &nbsp;prepara un evento tradicionalista para toda la familia. Participar\u00e1n agrupaciones de toda la regi\u00f3n, que desfilar\u00e1n por el predio.<\/p>\n\n\n\n<p>El comienzo ser\u00e1 con las carreras de sortijas, al mediod\u00eda habr\u00e1 venta de asado con cuero y servicio de bufett; como tambi\u00e9n stand con venta de tortas a beneficio de los alumnos de las escuelas EESO N\u00ba 233 y EETP N\u00ba 642.<\/p>\n\n\n\n<figure class=\"wp-block-image size-large\"><img loading=\"lazy\" width=\"1024\" height=\"604\" src=\"https:\/\/www.revistarescatados.com.ar\/web\/wp-content\/uploads\/2022\/07\/Agrupacion-Gaucha-El-Manolo-1-1024x604.jpg\" alt=\"\" class=\"wp-image-17671\" srcset=\"https:\/\/www.revistarescatados.com.ar\/web\/wp-content\/uploads\/2022\/07\/Agrupacion-Gaucha-El-Manolo-1-1024x604.jpg 1024w, https:\/\/www.revistarescatados.com.ar\/web\/wp-content\/uploads\/2022\/07\/Agrupacion-Gaucha-El-Manolo-1-300x177.jpg 300w, https:\/\/www.revistarescatados.com.ar\/web\/wp-content\/uploads\/2022\/07\/Agrupacion-Gaucha-El-Manolo-1-768x453.jpg 768w, https:\/\/www.revistarescatados.com.ar\/web\/wp-content\/uploads\/2022\/07\/Agrupacion-Gaucha-El-Manolo-1.jpg 1200w\" sizes=\"(max-width: 1024px) 100vw, 1024px\" \/><\/figure>\n\n\n\n<p>La prueba de riendas ser\u00e1 con 8 tachos a 7 metros, en las categor\u00edas mayores y menores. Las inscripciones ser\u00e1n de $1000 y $500, para mayores y menores, respectivamente. Adem\u00e1s habr\u00e1 sorteo del bono contribuci\u00f3n de la agrupaci\u00f3n organizadora.<\/p>\n\n\n\n<p>Durante la jornada, se podr\u00e1 recorrer la feria de artesanos y emprendedores locales.<\/p>\n\n\n\n<p>Al finalizar gran bailanta chamamecera con Nicol\u00e1s Hern\u00e1ndez y el Zurdito del Chamam\u00e9 y Daniel Perezlindo y la gauchita del chamam\u00e9. La animaci\u00f3n de Isabel Aranda.<\/p>\n\n\n\n<p>El evento cuenta con el auspicio de la secretar\u00eda de cultura de la Municipalidad de Calchaqu\u00ed.<\/p>\n\n\n\n<p>Para mayor informaci\u00f3n comunicarse a los tel\u00e9fonos 3483 \u2013 409805 y 430173.<\/p>\n","protected":false},"excerpt":{"rendered":"<p>Iniciar\u00e1 a las 9 de la ma\u00f1ana en el Monumento a la Madre, organizada por la Agrupaci\u00f3n gaucha \u201cEl Manolo\u201d. Habr\u00e1 carrera de sortijas, prueba de riendas, feria de artesanos y pilcheros&#46;&#46;&#46;<\/p>\n","protected":false},"author":1,"featured_media":17670,"comment_status":"closed","ping_status":"closed","sticky":false,"template":"","format":"standard","meta":[],"categories":[2,7,3,16],"tags":[],"_links":{"self":[{"href":"https:\/\/www.revistarescatados.com.ar\/web\/wp-json\/wp\/v2\/posts\/17669"}],"collection":[{"href":"https:\/\/www.revistarescatados.com.ar\/web\/wp-json\/wp\/v2\/posts"}],"about":[{"href":"https:\/\/www.revistarescatados.com.ar\/web\/wp-json\/wp\/v2\/types\/post"}],"author":[{"embeddable":true,"href":"https:\/\/www.revistarescatados.com.ar\/web\/wp-json\/wp\/v2\/users\/1"}],"replies":[{"embeddable":true,"href":"https:\/\/www.revistarescatados.com.ar\/web\/wp-json\/wp\/v2\/comments?post=17669"}],"version-history":[{"count":1,"href":"https:\/\/www.revistarescatados.com.ar\/web\/wp-json\/wp\/v2\/posts\/17669\/revisions"}],"predecessor-version":[{"id":17672,"href":"https:\/\/www.revistarescatados.com.ar\/web\/wp-json\/wp\/v2\/posts\/17669\/revisions\/17672"}],"wp:featuredmedia":[{"embeddable":true,"href":"https:\/\/www.revistarescatados.com.ar\/web\/wp-json\/wp\/v2\/media\/17670"}],"wp:attachment":[{"href":"https:\/\/www.revistarescatados.com.ar\/web\/wp-json\/wp\/v2\/media?parent=17669"}],"wp:term":[{"taxonomy":"category","embeddable":true,"href":"https:\/\/www.revistarescatados.com.ar\/web\/wp-json\/wp\/v2\/categories?post=17669"},{"taxonomy":"post_tag","embeddable":true,"href":"https:\/\/www.revistarescatados.com.ar\/web\/wp-json\/wp\/v2\/tags?post=17669"}],"curies":[{"name":"wp","href":"https:\/\/api.w.org\/{rel}","templated":true}]}}