{"id":17726,"date":"2022-07-19T18:39:32","date_gmt":"2022-07-19T21:39:32","guid":{"rendered":"https:\/\/www.revistarescatados.com.ar\/web\/?p=17726"},"modified":"2022-07-19T18:39:37","modified_gmt":"2022-07-19T21:39:37","slug":"eduardo-chediak-asumira-la-direccion-del-hospital-de-calchaqui","status":"publish","type":"post","link":"https:\/\/www.revistarescatados.com.ar\/web\/2022\/07\/19\/eduardo-chediak-asumira-la-direccion-del-hospital-de-calchaqui\/","title":{"rendered":"Eduardo Chediak asumir\u00e1 la direcci\u00f3n del hospital de Calchaqu\u00ed"},"content":{"rendered":"\n<p><strong><span class=\"has-inline-color has-vivid-red-color\">A casi 9 a\u00f1os de su primera gesti\u00f3n al frente del nosocomio, este mi\u00e9rcoles asumir\u00e1 nuevamente sus funciones directivas en el hospital &#8220;Ricardo Aldao&#8221;. <\/span><\/strong><\/p>\n\n\n\n<figure class=\"wp-block-image size-full\"><img loading=\"lazy\" width=\"960\" height=\"720\" src=\"https:\/\/www.revistarescatados.com.ar\/web\/wp-content\/uploads\/2022\/07\/Eduardo-Chediak.jpg\" alt=\"\" class=\"wp-image-17727\" srcset=\"https:\/\/www.revistarescatados.com.ar\/web\/wp-content\/uploads\/2022\/07\/Eduardo-Chediak.jpg 960w, https:\/\/www.revistarescatados.com.ar\/web\/wp-content\/uploads\/2022\/07\/Eduardo-Chediak-300x225.jpg 300w, https:\/\/www.revistarescatados.com.ar\/web\/wp-content\/uploads\/2022\/07\/Eduardo-Chediak-768x576.jpg 768w\" sizes=\"(max-width: 960px) 100vw, 960px\" \/><\/figure>\n\n\n\n<p><br>El m\u00e9dico verense asumir\u00e1 sus funciones este mi\u00e9rcoles a la ma\u00f1ana. Reemplazar\u00e1 a la dra. Valeria Peralta, quien dimiti\u00f3 recientemente del cargo.<\/p>\n\n\n\n<p><br>El intendente Rub\u00e9n Cuello invita a la asunci\u00f3n del Dr. Eduardo Chediak como director del Hospital local. El acto tendr\u00e1 lugar este mi\u00e9rcoles 20\/07, a las 9.00 hs, en el Hospital Ricardo Aldao.<br><\/p>\n\n\n\n<p>La foto de archivo data del a\u00f1o 2013, cuando ejerc\u00eda la direcci\u00f3n del efector. Fue en el marco de un &#8220;abrazo solidario&#8221; de vecinos y m\u00e9dicos en respaldo a su gesti\u00f3n y solicitando mayor presupuesto del entonces gobierno socialista. Aunque finalmente fue desplazado del cargo y asumi\u00f3 la direcci\u00f3n la dra. Marcela L\u00f3pez.<\/p>\n\n\n\n<p>Entre las medidas que hab\u00eda llevado adelante Chediak &#8211; que a\u00fan perdura &#8211;  est\u00e1 la reubicaci\u00f3n del servicio de guardias m\u00e9dicas por calle Mitre, como la instalaci\u00f3n de los consultorios externos en el ingreso principal del edificio.<\/p>\n","protected":false},"excerpt":{"rendered":"<p>A casi 9 a\u00f1os de su primera gesti\u00f3n al frente del nosocomio, este mi\u00e9rcoles asumir\u00e1 nuevamente sus funciones directivas en el hospital &#8220;Ricardo Aldao&#8221;. El m\u00e9dico verense asumir\u00e1 sus funciones este mi\u00e9rcoles&#46;&#46;&#46;<\/p>\n","protected":false},"author":1,"featured_media":17727,"comment_status":"closed","ping_status":"closed","sticky":false,"template":"","format":"standard","meta":[],"categories":[2,3,16,9],"tags":[],"_links":{"self":[{"href":"https:\/\/www.revistarescatados.com.ar\/web\/wp-json\/wp\/v2\/posts\/17726"}],"collection":[{"href":"https:\/\/www.revistarescatados.com.ar\/web\/wp-json\/wp\/v2\/posts"}],"about":[{"href":"https:\/\/www.revistarescatados.com.ar\/web\/wp-json\/wp\/v2\/types\/post"}],"author":[{"embeddable":true,"href":"https:\/\/www.revistarescatados.com.ar\/web\/wp-json\/wp\/v2\/users\/1"}],"replies":[{"embeddable":true,"href":"https:\/\/www.revistarescatados.com.ar\/web\/wp-json\/wp\/v2\/comments?post=17726"}],"version-history":[{"count":1,"href":"https:\/\/www.revistarescatados.com.ar\/web\/wp-json\/wp\/v2\/posts\/17726\/revisions"}],"predecessor-version":[{"id":17728,"href":"https:\/\/www.revistarescatados.com.ar\/web\/wp-json\/wp\/v2\/posts\/17726\/revisions\/17728"}],"wp:featuredmedia":[{"embeddable":true,"href":"https:\/\/www.revistarescatados.com.ar\/web\/wp-json\/wp\/v2\/media\/17727"}],"wp:attachment":[{"href":"https:\/\/www.revistarescatados.com.ar\/web\/wp-json\/wp\/v2\/media?parent=17726"}],"wp:term":[{"taxonomy":"category","embeddable":true,"href":"https:\/\/www.revistarescatados.com.ar\/web\/wp-json\/wp\/v2\/categories?post=17726"},{"taxonomy":"post_tag","embeddable":true,"href":"https:\/\/www.revistarescatados.com.ar\/web\/wp-json\/wp\/v2\/tags?post=17726"}],"curies":[{"name":"wp","href":"https:\/\/api.w.org\/{rel}","templated":true}]}}