{"id":17731,"date":"2022-07-19T19:07:24","date_gmt":"2022-07-19T22:07:24","guid":{"rendered":"https:\/\/www.revistarescatados.com.ar\/web\/?p=17731"},"modified":"2022-07-19T19:07:28","modified_gmt":"2022-07-19T22:07:28","slug":"la-provincia-sorteara-23-viviendas-en-malabrigo","status":"publish","type":"post","link":"https:\/\/www.revistarescatados.com.ar\/web\/2022\/07\/19\/la-provincia-sorteara-23-viviendas-en-malabrigo\/","title":{"rendered":"La provincia sortear\u00e1 23 viviendas en Malabrigo"},"content":{"rendered":"\n<p><\/p>\n\n\n\n<p><strong><span class=\"has-inline-color has-vivid-red-color\">Ser\u00e1 este viernes, a las 11:30 horas, en un acto que ser\u00e1 transmitido en vivo a trav\u00e9s de la cuenta de facebook del Ministerio de Infraestructura, Servicios P\u00fablicos y H\u00e1bitat.<\/span><\/strong><\/p>\n\n\n\n<figure class=\"wp-block-image size-large\"><img loading=\"lazy\" width=\"1024\" height=\"461\" src=\"https:\/\/www.revistarescatados.com.ar\/web\/wp-content\/uploads\/2022\/07\/Viviendas-Malabrigo-1024x461.jpg\" alt=\"\" class=\"wp-image-17732\" srcset=\"https:\/\/www.revistarescatados.com.ar\/web\/wp-content\/uploads\/2022\/07\/Viviendas-Malabrigo-1024x461.jpg 1024w, https:\/\/www.revistarescatados.com.ar\/web\/wp-content\/uploads\/2022\/07\/Viviendas-Malabrigo-300x135.jpg 300w, https:\/\/www.revistarescatados.com.ar\/web\/wp-content\/uploads\/2022\/07\/Viviendas-Malabrigo-768x346.jpg 768w, https:\/\/www.revistarescatados.com.ar\/web\/wp-content\/uploads\/2022\/07\/Viviendas-Malabrigo.jpg 1280w\" sizes=\"(max-width: 1024px) 100vw, 1024px\" \/><\/figure>\n\n\n\n<p>El gobierno provincial, a trav\u00e9s de la direcci\u00f3n provincial de Vivienda y Urbanismo (DPVyU), realizar\u00e1 este viernes el sorteo de 23 unidades habitacionales en Malabrigo, departamento General Obligado. El acto se desarrollar\u00e1 desde las 11:30 horas en la Casa del Bicentenario (Chaco 750) y se transmitir\u00e1 a trav\u00e9s de la cuenta de facebook del Ministerio de Infraestructura, Servicios P\u00fablicos y H\u00e1bitat (https:\/\/www.facebook.com\/MISPHsf\/)<\/p>\n\n\n\n<p><br>Desde la DPVyU indicaron que el padr\u00f3n definitivo se encuentra publicado en la p\u00e1gina web de la provincia (https:\/\/www.santafe.gov.ar\/index.php\/web\/content\/view\/full\/235911\/(subtema)\/235903) . Las familias que se encuentran aptas pueden visualizar el n\u00famero asignado para participar del sorteo y el cupo en el que lo har\u00e1n.<\/p>\n\n\n\n<p><strong>REQUISITOS<\/strong><\/p>\n\n\n\n<p>Para participar del sorteo, es necesario ser ciudadano argentino o extranjero naturalizado; no ser propietarios de inmuebles, ni haber sido beneficiarios de viviendas otorgadas por los gobiernos nacional, provincial y municipal, en los \u00faltimos 10 a\u00f1os; y residir o trabajar, desde hace al menos dos a\u00f1os, en Malabrigo.<\/p>\n\n\n\n<p>Asimismo, es obligatorio conformar un grupo familiar en el que, al menos, dos personas est\u00e9n unidas en matrimonio o uni\u00f3n convivencial, ser padre o madre con hijos, hermanos o abuelos con nietos. Adem\u00e1s, el titular y cotitular de la ficha de inscripci\u00f3n no debe revestir car\u00e1cter de deudor alimentario y ni poseer causas por concurso o quiebra.<\/p>\n\n\n\n<p>Cabe se\u00f1alar que los aptos para participar en los cupos de Discapacidad y Trasplantados, est\u00e1n exceptuados de cumplir con el requisito de ingresos m\u00ednimos, pudiendo asignarse la vivienda en comodato en el caso de ser beneficiarios del sorteo, siempre y cuando cumplan con los dem\u00e1s requisitos.<\/p>\n\n\n\n<p>Por \u00faltimo, los miembros en su conjunto, deben reunir un m\u00ednimo de ingresos mensuales y demostrables.<\/p>\n\n\n\n<p><strong>CUPOS<\/strong><\/p>\n\n\n\n<p>Las 23 viviendas se sortear\u00e1n entre las categor\u00edas preestablecidas, de las cuales 14 pertenecen a Demanda General; una a Demanda General con Antig\u00fcedad; dos a Fuerzas de Seguridad con antig\u00fcedad de cinco a\u00f1os; dos a Fuerzas de Seguridad con Antig\u00fcedad de 15 a\u00f1os; una para personas con Discapacidad motriz; una para personas con Otra Discapacidad; y una para personas trasplantadas. Finalmente, se nominar\u00e1 de manera directa un titular para el cupo Bomberos Voluntarios, de acuerdo al orden de antig\u00fcedad de servicio.<\/p>\n\n\n\n<blockquote class=\"wp-block-quote\"><p>Demanda General con Antig\u00fcedad: las familias inscriptas desde hace cinco a\u00f1os o m\u00e1s como solicitantes de viviendas tendr\u00e1n doble oportunidad de resultar beneficiarias, ya que participar\u00e1n en este cupo de Demanda General con Antig\u00fcedad y en el de Demanda General.<\/p><p>Fuerzas de seguridad provincial: se agrupa a los miembros de la polic\u00eda y del servicio penitenciario de Santa Fe. Para participar en esa categor\u00eda se debe contar con cinco a\u00f1os de servicio y, si se tienen tiene m\u00e1s de 15 a\u00f1os, los participantes poseer\u00e1n doble chance de ser adjudicatarios.<\/p><p>Discapacidad: participar\u00e1n las familias en las que alguno de sus miembros presente una discapacidad. Para esto es necesario contar con el Certificado \u00danico de Discapacidad emitido por el Ministerio de Salud provincial. Si las familias cuentan con los ingresos m\u00ednimos suficientes tendr\u00e1n doble oportunidad de resultar beneficiarias, ya que tambi\u00e9n participar\u00e1n del cupo de Demanda General.<\/p><p>Bomberos Voluntarios: ser\u00e1 requisito indispensable para acceder al beneficio del cupo contar con una permanencia m\u00ednima de cinco a\u00f1os como bombero activo, seleccionando entre ellos al\/los de mayor antig\u00fcedad.<\/p><p>Trasplantados: este cupo est\u00e1 destinado a personas que cuenten con certificado expedido por el Centro \u00danico de Donaci\u00f3n Ablaci\u00f3n e Implante de \u00d3rganos, que acredite el car\u00e1cter de trasplantado o de persona en lista de espera.<\/p><\/blockquote>\n","protected":false},"excerpt":{"rendered":"<p>Ser\u00e1 este viernes, a las 11:30 horas, en un acto que ser\u00e1 transmitido en vivo a trav\u00e9s de la cuenta de facebook del Ministerio de Infraestructura, Servicios P\u00fablicos y H\u00e1bitat. El gobierno&#46;&#46;&#46;<\/p>\n","protected":false},"author":1,"featured_media":17732,"comment_status":"closed","ping_status":"closed","sticky":false,"template":"","format":"standard","meta":[],"categories":[6,16,8],"tags":[],"_links":{"self":[{"href":"https:\/\/www.revistarescatados.com.ar\/web\/wp-json\/wp\/v2\/posts\/17731"}],"collection":[{"href":"https:\/\/www.revistarescatados.com.ar\/web\/wp-json\/wp\/v2\/posts"}],"about":[{"href":"https:\/\/www.revistarescatados.com.ar\/web\/wp-json\/wp\/v2\/types\/post"}],"author":[{"embeddable":true,"href":"https:\/\/www.revistarescatados.com.ar\/web\/wp-json\/wp\/v2\/users\/1"}],"replies":[{"embeddable":true,"href":"https:\/\/www.revistarescatados.com.ar\/web\/wp-json\/wp\/v2\/comments?post=17731"}],"version-history":[{"count":1,"href":"https:\/\/www.revistarescatados.com.ar\/web\/wp-json\/wp\/v2\/posts\/17731\/revisions"}],"predecessor-version":[{"id":17733,"href":"https:\/\/www.revistarescatados.com.ar\/web\/wp-json\/wp\/v2\/posts\/17731\/revisions\/17733"}],"wp:featuredmedia":[{"embeddable":true,"href":"https:\/\/www.revistarescatados.com.ar\/web\/wp-json\/wp\/v2\/media\/17732"}],"wp:attachment":[{"href":"https:\/\/www.revistarescatados.com.ar\/web\/wp-json\/wp\/v2\/media?parent=17731"}],"wp:term":[{"taxonomy":"category","embeddable":true,"href":"https:\/\/www.revistarescatados.com.ar\/web\/wp-json\/wp\/v2\/categories?post=17731"},{"taxonomy":"post_tag","embeddable":true,"href":"https:\/\/www.revistarescatados.com.ar\/web\/wp-json\/wp\/v2\/tags?post=17731"}],"curies":[{"name":"wp","href":"https:\/\/api.w.org\/{rel}","templated":true}]}}