{"id":17734,"date":"2022-07-20T01:16:11","date_gmt":"2022-07-20T04:16:11","guid":{"rendered":"https:\/\/www.revistarescatados.com.ar\/web\/?p=17734"},"modified":"2022-07-20T01:16:15","modified_gmt":"2022-07-20T04:16:15","slug":"el-banco-solidario-apoya-con-microcreditos-a-emprendedores-de-calchaqui","status":"publish","type":"post","link":"https:\/\/www.revistarescatados.com.ar\/web\/2022\/07\/20\/el-banco-solidario-apoya-con-microcreditos-a-emprendedores-de-calchaqui\/","title":{"rendered":"El &#8220;Banco Solidario&#8221; apoya con microcr\u00e9ditos a emprendedores de Calchaqu\u00ed"},"content":{"rendered":"\n<p><br><strong><span class=\"has-inline-color has-vivid-red-color\"> El programa provincial gestionado por la Secretar\u00eda de Desarrollo Social Municipal, alienta el trabajo de 11 emprendedores que en febrero recibieron microcr\u00e9ditos para impulsar sus producciones. <\/span><\/strong><\/p>\n\n\n\n<figure class=\"wp-block-image size-large\"><img loading=\"lazy\" width=\"1024\" height=\"683\" src=\"https:\/\/www.revistarescatados.com.ar\/web\/wp-content\/uploads\/2022\/07\/Fabrica-de-embutidos-1024x683.jpg\" alt=\"\" class=\"wp-image-17735\" srcset=\"https:\/\/www.revistarescatados.com.ar\/web\/wp-content\/uploads\/2022\/07\/Fabrica-de-embutidos-1024x683.jpg 1024w, https:\/\/www.revistarescatados.com.ar\/web\/wp-content\/uploads\/2022\/07\/Fabrica-de-embutidos-300x200.jpg 300w, https:\/\/www.revistarescatados.com.ar\/web\/wp-content\/uploads\/2022\/07\/Fabrica-de-embutidos-768x512.jpg 768w, https:\/\/www.revistarescatados.com.ar\/web\/wp-content\/uploads\/2022\/07\/Fabrica-de-embutidos.jpg 1080w\" sizes=\"(max-width: 1024px) 100vw, 1024px\" \/><\/figure>\n\n\n\n<p><br>? Roberto y sus hijos llevan adelante una panader\u00eda artesanal en la esquina de Estanislao L\u00f3pez y Tucum\u00e1n.<\/p>\n\n\n\n<p><br>? Pablo produce panificados para bares y comedores locales.<\/p>\n\n\n\n<p><br>? Jorge realiza embutidos que vende en el comercio familiar ubicado en Col\u00f3n e Ituzaing\u00f3.<\/p>\n\n\n\n<p><br>? Jonatan hace reparaci\u00f3n y reacondicionamiento de bicicletas en la Cortada A. Rabozzi Casa N\u00b028.<\/p>\n\n\n\n<p><br>Recordamos que el programa provincial &#8220;Banco Solidario&#8221;- a cargo de la Secretar\u00eda de Desarrollo Social Municipal- posibilita que el municipio haga de intermediario para llegar a familias emprendedoras y entregar estos recursos que se devuelven mes a mes, para que as\u00ed puedan participar m\u00e1s familias. <\/p>\n\n\n\n<p><br>&#8220;El objetivo es asistir y capacitar a emprendimientos de la econom\u00eda social, solidaria y popular. Queremos felicitar a los emprendedores por su trabajo y por el compromiso con este programa&#8221;, destac\u00f3 la secretaria Antonela Beltramino. <\/p>\n","protected":false},"excerpt":{"rendered":"<p>El programa provincial gestionado por la Secretar\u00eda de Desarrollo Social Municipal, alienta el trabajo de 11 emprendedores que en febrero recibieron microcr\u00e9ditos para impulsar sus producciones. ? Roberto y sus hijos llevan&#46;&#46;&#46;<\/p>\n","protected":false},"author":1,"featured_media":17735,"comment_status":"closed","ping_status":"closed","sticky":false,"template":"","format":"standard","meta":[],"categories":[2,3,16,8],"tags":[],"_links":{"self":[{"href":"https:\/\/www.revistarescatados.com.ar\/web\/wp-json\/wp\/v2\/posts\/17734"}],"collection":[{"href":"https:\/\/www.revistarescatados.com.ar\/web\/wp-json\/wp\/v2\/posts"}],"about":[{"href":"https:\/\/www.revistarescatados.com.ar\/web\/wp-json\/wp\/v2\/types\/post"}],"author":[{"embeddable":true,"href":"https:\/\/www.revistarescatados.com.ar\/web\/wp-json\/wp\/v2\/users\/1"}],"replies":[{"embeddable":true,"href":"https:\/\/www.revistarescatados.com.ar\/web\/wp-json\/wp\/v2\/comments?post=17734"}],"version-history":[{"count":1,"href":"https:\/\/www.revistarescatados.com.ar\/web\/wp-json\/wp\/v2\/posts\/17734\/revisions"}],"predecessor-version":[{"id":17736,"href":"https:\/\/www.revistarescatados.com.ar\/web\/wp-json\/wp\/v2\/posts\/17734\/revisions\/17736"}],"wp:featuredmedia":[{"embeddable":true,"href":"https:\/\/www.revistarescatados.com.ar\/web\/wp-json\/wp\/v2\/media\/17735"}],"wp:attachment":[{"href":"https:\/\/www.revistarescatados.com.ar\/web\/wp-json\/wp\/v2\/media?parent=17734"}],"wp:term":[{"taxonomy":"category","embeddable":true,"href":"https:\/\/www.revistarescatados.com.ar\/web\/wp-json\/wp\/v2\/categories?post=17734"},{"taxonomy":"post_tag","embeddable":true,"href":"https:\/\/www.revistarescatados.com.ar\/web\/wp-json\/wp\/v2\/tags?post=17734"}],"curies":[{"name":"wp","href":"https:\/\/api.w.org\/{rel}","templated":true}]}}