{"id":17751,"date":"2022-07-23T23:56:06","date_gmt":"2022-07-24T02:56:06","guid":{"rendered":"https:\/\/www.revistarescatados.com.ar\/web\/?p=17751"},"modified":"2022-07-23T23:56:10","modified_gmt":"2022-07-24T02:56:10","slug":"el-jueves-28-de-julio-se-pagan-las-pensiones-sociales-santafesinas","status":"publish","type":"post","link":"https:\/\/www.revistarescatados.com.ar\/web\/2022\/07\/23\/el-jueves-28-de-julio-se-pagan-las-pensiones-sociales-santafesinas\/","title":{"rendered":"El jueves 28 de julio se pagan las pensiones sociales santafesinas"},"content":{"rendered":"\n<p><strong><span class=\"has-inline-color has-vivid-red-color\">El Ministerio de Econom\u00eda de la provincia inform\u00f3 que el jueves 28 de julio se efectuar\u00e1n los pagos de las pensiones sociales (ley N\u00b0 5110), expresos por razones pol\u00edticas (ley N\u00b0 13.298), madres de v\u00edctimas del terrorismo de Estado (ley N\u00b0 13.330) y excombatientes de Malvinas.<\/span><\/strong><\/p>\n","protected":false},"excerpt":{"rendered":"<p>El Ministerio de Econom\u00eda de la provincia inform\u00f3 que el jueves 28 de julio se efectuar\u00e1n los pagos de las pensiones sociales (ley N\u00b0 5110), expresos por razones pol\u00edticas (ley N\u00b0 13.298),&#46;&#46;&#46;<\/p>\n","protected":false},"author":1,"featured_media":103,"comment_status":"closed","ping_status":"closed","sticky":false,"template":"","format":"standard","meta":[],"categories":[16,12,8],"tags":[],"_links":{"self":[{"href":"https:\/\/www.revistarescatados.com.ar\/web\/wp-json\/wp\/v2\/posts\/17751"}],"collection":[{"href":"https:\/\/www.revistarescatados.com.ar\/web\/wp-json\/wp\/v2\/posts"}],"about":[{"href":"https:\/\/www.revistarescatados.com.ar\/web\/wp-json\/wp\/v2\/types\/post"}],"author":[{"embeddable":true,"href":"https:\/\/www.revistarescatados.com.ar\/web\/wp-json\/wp\/v2\/users\/1"}],"replies":[{"embeddable":true,"href":"https:\/\/www.revistarescatados.com.ar\/web\/wp-json\/wp\/v2\/comments?post=17751"}],"version-history":[{"count":1,"href":"https:\/\/www.revistarescatados.com.ar\/web\/wp-json\/wp\/v2\/posts\/17751\/revisions"}],"predecessor-version":[{"id":17752,"href":"https:\/\/www.revistarescatados.com.ar\/web\/wp-json\/wp\/v2\/posts\/17751\/revisions\/17752"}],"wp:featuredmedia":[{"embeddable":true,"href":"https:\/\/www.revistarescatados.com.ar\/web\/wp-json\/wp\/v2\/media\/103"}],"wp:attachment":[{"href":"https:\/\/www.revistarescatados.com.ar\/web\/wp-json\/wp\/v2\/media?parent=17751"}],"wp:term":[{"taxonomy":"category","embeddable":true,"href":"https:\/\/www.revistarescatados.com.ar\/web\/wp-json\/wp\/v2\/categories?post=17751"},{"taxonomy":"post_tag","embeddable":true,"href":"https:\/\/www.revistarescatados.com.ar\/web\/wp-json\/wp\/v2\/tags?post=17751"}],"curies":[{"name":"wp","href":"https:\/\/api.w.org\/{rel}","templated":true}]}}