{"id":17780,"date":"2022-07-27T22:48:07","date_gmt":"2022-07-28T01:48:07","guid":{"rendered":"https:\/\/www.revistarescatados.com.ar\/web\/?p=17780"},"modified":"2022-07-27T22:48:11","modified_gmt":"2022-07-28T01:48:11","slug":"restauran-un-monumento-emblematico-de-la-escuela-no-448-de-calchaqui","status":"publish","type":"post","link":"https:\/\/www.revistarescatados.com.ar\/web\/2022\/07\/27\/restauran-un-monumento-emblematico-de-la-escuela-no-448-de-calchaqui\/","title":{"rendered":"Restauran un monumento emblem\u00e1tico de la Escuela N\u00ba 448 de Calchaqu\u00ed"},"content":{"rendered":"\n<p><\/p>\n\n\n\n<p><strong><span class=\"has-inline-color has-vivid-red-color\">\u00a0Personal de la Secretar\u00eda de medioambiente municipal puso en valor el \u201cMonumento a la madre\u201d.\u00a0 Desde el a\u00f1o 1967 \u2013 cuando era director Eduardo Marioni &#8211; recibe a generaciones de alumnos e incluso sobrevive al antiguo edificio escolar.<\/span><\/strong><\/p>\n\n\n\n<figure class=\"wp-block-image size-full\"><img loading=\"lazy\" width=\"687\" height=\"425\" src=\"https:\/\/www.revistarescatados.com.ar\/web\/wp-content\/uploads\/2022\/07\/Monumento-a-la-Madre-escuela-No-448.jpg\" alt=\"\" class=\"wp-image-17781\" srcset=\"https:\/\/www.revistarescatados.com.ar\/web\/wp-content\/uploads\/2022\/07\/Monumento-a-la-Madre-escuela-No-448.jpg 687w, https:\/\/www.revistarescatados.com.ar\/web\/wp-content\/uploads\/2022\/07\/Monumento-a-la-Madre-escuela-No-448-300x186.jpg 300w\" sizes=\"(max-width: 687px) 100vw, 687px\" \/><\/figure>\n\n\n\n<p>A mediados del mes de julio de 2022, la Secretar\u00eda de medioambiente \u2013 a cargo de Walter Figueroa \u2013 inici\u00f3 la restauraci\u00f3n total de un sector muy sensible a los sentimientos no solo de la escuela provincial N\u00ba 448 \u201cBernardino Rivadavia\u201d sino a toda la comunidad de Calchaqu\u00ed. Se trata del emblem\u00e1tico \u201cMonumento a la madre\u201d, emplazado en la tradicional esquina de Sarmiento y Bvard. Belgrano. &nbsp;<\/p>\n\n\n\n<p>Por el paso del tiempo, el muro ondulado ubicado detr\u00e1s del busto a la madre, cay\u00f3. Por ello, se realizaron trabajos de mamposter\u00eda, revoque y pintura; no solo del monolito sino de su entorno, ya sean bancos y tapiales perimetrales.<\/p>\n\n\n\n<p>A fines del a\u00f1o 1966, alumnos y docentes hicieron beneficios para la construcci\u00f3n del busto en homenaje a la Madre. En ese entonces era director de la vieja escuela fiscal Eduardo Marioni, quien hab\u00eda asumido sus funciones en 1963.<\/p>\n\n\n\n<figure class=\"wp-block-image size-large\"><img loading=\"lazy\" width=\"1024\" height=\"738\" src=\"http:\/\/www.revistarescatados.com.ar\/web\/wp-content\/uploads\/2022\/07\/Monumento-a-la-madre-Ano-1967-1024x738.jpg\" alt=\"\" class=\"wp-image-17782\" srcset=\"https:\/\/www.revistarescatados.com.ar\/web\/wp-content\/uploads\/2022\/07\/Monumento-a-la-madre-Ano-1967-1024x738.jpg 1024w, https:\/\/www.revistarescatados.com.ar\/web\/wp-content\/uploads\/2022\/07\/Monumento-a-la-madre-Ano-1967-300x216.jpg 300w, https:\/\/www.revistarescatados.com.ar\/web\/wp-content\/uploads\/2022\/07\/Monumento-a-la-madre-Ano-1967-768x554.jpg 768w, https:\/\/www.revistarescatados.com.ar\/web\/wp-content\/uploads\/2022\/07\/Monumento-a-la-madre-Ano-1967-1536x1107.jpg 1536w, https:\/\/www.revistarescatados.com.ar\/web\/wp-content\/uploads\/2022\/07\/Monumento-a-la-madre-Ano-1967.jpg 1638w\" sizes=\"(max-width: 1024px) 100vw, 1024px\" \/><figcaption><strong><em>INAUGURACION DEL MONUMENTO EN EL A\u00d1O 1967<\/em><\/strong><\/figcaption><\/figure>\n\n\n\n<p>En ese momento, a\u00f1o 1967, el busto quedaba en el ingreso principal al establecimiento escolar, del lado derecho. El 3 de diciembre del a\u00f1o 1975 comenz\u00f3 la construcci\u00f3n del actual edificio, que fue inaugurado cuatro a\u00f1os m\u00e1s tarde durante el gobierno del gobernador Dr. Carlos Silvestre Begnis.<\/p>\n\n\n\n<figure class=\"wp-block-image size-large\"><img loading=\"lazy\" width=\"1024\" height=\"644\" src=\"https:\/\/www.revistarescatados.com.ar\/web\/wp-content\/uploads\/2022\/07\/Monumento-a-la-madre-Ano-1970-1024x644.jpg\" alt=\"\" class=\"wp-image-17783\" srcset=\"https:\/\/www.revistarescatados.com.ar\/web\/wp-content\/uploads\/2022\/07\/Monumento-a-la-madre-Ano-1970-1024x644.jpg 1024w, https:\/\/www.revistarescatados.com.ar\/web\/wp-content\/uploads\/2022\/07\/Monumento-a-la-madre-Ano-1970-300x189.jpg 300w, https:\/\/www.revistarescatados.com.ar\/web\/wp-content\/uploads\/2022\/07\/Monumento-a-la-madre-Ano-1970-768x483.jpg 768w, https:\/\/www.revistarescatados.com.ar\/web\/wp-content\/uploads\/2022\/07\/Monumento-a-la-madre-Ano-1970-1536x965.jpg 1536w, https:\/\/www.revistarescatados.com.ar\/web\/wp-content\/uploads\/2022\/07\/Monumento-a-la-madre-Ano-1970.jpg 1879w\" sizes=\"(max-width: 1024px) 100vw, 1024px\" \/><figcaption><strong><em>REGISTRO FOTOGRAFICO DEL A\u00d1O 1970<\/em><\/strong><\/figcaption><\/figure>\n\n\n\n<p>El viejo edificio &#8211; inaugurado el 15 de julio del a\u00f1o 1923 &#8211; fue derrumbado, pero a\u00fan sobrevive el Monumento a la Madre. Ya han pasado 55 a\u00f1os, pero como el amor de una madre resiste erguido el paso del tiempo.<\/p>\n","protected":false},"excerpt":{"rendered":"<p>\u00a0Personal de la Secretar\u00eda de medioambiente municipal puso en valor el \u201cMonumento a la madre\u201d.\u00a0 Desde el a\u00f1o 1967 \u2013 cuando era director Eduardo Marioni &#8211; recibe a generaciones de alumnos e&#46;&#46;&#46;<\/p>\n","protected":false},"author":1,"featured_media":17781,"comment_status":"closed","ping_status":"closed","sticky":false,"template":"","format":"standard","meta":[],"categories":[2,3,16,8],"tags":[],"_links":{"self":[{"href":"https:\/\/www.revistarescatados.com.ar\/web\/wp-json\/wp\/v2\/posts\/17780"}],"collection":[{"href":"https:\/\/www.revistarescatados.com.ar\/web\/wp-json\/wp\/v2\/posts"}],"about":[{"href":"https:\/\/www.revistarescatados.com.ar\/web\/wp-json\/wp\/v2\/types\/post"}],"author":[{"embeddable":true,"href":"https:\/\/www.revistarescatados.com.ar\/web\/wp-json\/wp\/v2\/users\/1"}],"replies":[{"embeddable":true,"href":"https:\/\/www.revistarescatados.com.ar\/web\/wp-json\/wp\/v2\/comments?post=17780"}],"version-history":[{"count":1,"href":"https:\/\/www.revistarescatados.com.ar\/web\/wp-json\/wp\/v2\/posts\/17780\/revisions"}],"predecessor-version":[{"id":17784,"href":"https:\/\/www.revistarescatados.com.ar\/web\/wp-json\/wp\/v2\/posts\/17780\/revisions\/17784"}],"wp:featuredmedia":[{"embeddable":true,"href":"https:\/\/www.revistarescatados.com.ar\/web\/wp-json\/wp\/v2\/media\/17781"}],"wp:attachment":[{"href":"https:\/\/www.revistarescatados.com.ar\/web\/wp-json\/wp\/v2\/media?parent=17780"}],"wp:term":[{"taxonomy":"category","embeddable":true,"href":"https:\/\/www.revistarescatados.com.ar\/web\/wp-json\/wp\/v2\/categories?post=17780"},{"taxonomy":"post_tag","embeddable":true,"href":"https:\/\/www.revistarescatados.com.ar\/web\/wp-json\/wp\/v2\/tags?post=17780"}],"curies":[{"name":"wp","href":"https:\/\/api.w.org\/{rel}","templated":true}]}}