{"id":17809,"date":"2022-08-03T00:10:34","date_gmt":"2022-08-03T03:10:34","guid":{"rendered":"https:\/\/www.revistarescatados.com.ar\/web\/?p=17809"},"modified":"2022-08-03T00:10:39","modified_gmt":"2022-08-03T03:10:39","slug":"entregan-6-patrulleros-a-localidades-del-departamento-vera","status":"publish","type":"post","link":"https:\/\/www.revistarescatados.com.ar\/web\/2022\/08\/03\/entregan-6-patrulleros-a-localidades-del-departamento-vera\/","title":{"rendered":"Entregan 6 patrulleros a localidades del departamento Vera"},"content":{"rendered":"\n<p><br><strong><span class=\"has-inline-color has-vivid-red-color\">El Ministro de Seguridad, Jorge Lagna, realiz\u00f3 la entrega de m\u00f3viles policiales para Vera, Calchaqu\u00ed, Margarita y Fort\u00edn Olmos. Adem\u00e1s de convenios para mejoras edilicias de la alcaid\u00eda y la c\u00e1rcel de Santa Felicia.<\/span><\/strong><\/p>\n\n\n\n<figure class=\"wp-block-image size-large\"><img loading=\"lazy\" width=\"1024\" height=\"462\" src=\"https:\/\/www.revistarescatados.com.ar\/web\/wp-content\/uploads\/2022\/08\/Moviles-Policiales-para-Vera-1024x462.jpg\" alt=\"\" class=\"wp-image-17810\" srcset=\"https:\/\/www.revistarescatados.com.ar\/web\/wp-content\/uploads\/2022\/08\/Moviles-Policiales-para-Vera-1024x462.jpg 1024w, https:\/\/www.revistarescatados.com.ar\/web\/wp-content\/uploads\/2022\/08\/Moviles-Policiales-para-Vera-300x135.jpg 300w, https:\/\/www.revistarescatados.com.ar\/web\/wp-content\/uploads\/2022\/08\/Moviles-Policiales-para-Vera-768x346.jpg 768w, https:\/\/www.revistarescatados.com.ar\/web\/wp-content\/uploads\/2022\/08\/Moviles-Policiales-para-Vera.jpg 1420w\" sizes=\"(max-width: 1024px) 100vw, 1024px\" \/><\/figure>\n\n\n\n<p><br>Con la presencia de autoridades provinciales y locales se hizo entrega de 6 m\u00f3viles destinados a cubrir movilidades de las fuerzas de seguridad de nuestro departamento.<\/p>\n\n\n\n<p><br>Dos de los m\u00f3viles ser\u00e1n para la ciudad de Vera, uno para la ciudad de Calchaqu\u00ed, uno para Margarita y otro para Fort\u00edn Olmos. Adem\u00e1s se gestion\u00f3 un aporte de 11 de millones para la Alcald\u00eda y Santa Felicia que en conjunto con la municipalidad de Vera, se har\u00e1n las mejoras necesarias<\/p>\n\n\n\n<p><br>&#8220;Con esta entrega se sigue renovando la flota de nuestras fuerzas de seguridad, que sumado a los excelentes recursos humanos van a repercutir en una mejor seguridad. Estas decisiones pol\u00edticas que viene tomando el gobierno provincial nos pone muy contentos y esperanzados de seguir creciendo y de seguir gestionando pol\u00edticas concretas&#8221;, destac\u00f3 el senador Osvaldo Sosa<\/p>\n\n\n\n<p><br>Adem\u00e1s agradeci\u00f3 al ministro de seguridad por esta decisi\u00f3n y especialmente al gobernador Omar Perotti.<\/p>\n","protected":false},"excerpt":{"rendered":"<p>El Ministro de Seguridad, Jorge Lagna, realiz\u00f3 la entrega de m\u00f3viles policiales para Vera, Calchaqu\u00ed, Margarita y Fort\u00edn Olmos. Adem\u00e1s de convenios para mejoras edilicias de la alcaid\u00eda y la c\u00e1rcel de&#46;&#46;&#46;<\/p>\n","protected":false},"author":1,"featured_media":17810,"comment_status":"closed","ping_status":"closed","sticky":false,"template":"","format":"standard","meta":[],"categories":[2,3,16,11],"tags":[],"_links":{"self":[{"href":"https:\/\/www.revistarescatados.com.ar\/web\/wp-json\/wp\/v2\/posts\/17809"}],"collection":[{"href":"https:\/\/www.revistarescatados.com.ar\/web\/wp-json\/wp\/v2\/posts"}],"about":[{"href":"https:\/\/www.revistarescatados.com.ar\/web\/wp-json\/wp\/v2\/types\/post"}],"author":[{"embeddable":true,"href":"https:\/\/www.revistarescatados.com.ar\/web\/wp-json\/wp\/v2\/users\/1"}],"replies":[{"embeddable":true,"href":"https:\/\/www.revistarescatados.com.ar\/web\/wp-json\/wp\/v2\/comments?post=17809"}],"version-history":[{"count":1,"href":"https:\/\/www.revistarescatados.com.ar\/web\/wp-json\/wp\/v2\/posts\/17809\/revisions"}],"predecessor-version":[{"id":17811,"href":"https:\/\/www.revistarescatados.com.ar\/web\/wp-json\/wp\/v2\/posts\/17809\/revisions\/17811"}],"wp:featuredmedia":[{"embeddable":true,"href":"https:\/\/www.revistarescatados.com.ar\/web\/wp-json\/wp\/v2\/media\/17810"}],"wp:attachment":[{"href":"https:\/\/www.revistarescatados.com.ar\/web\/wp-json\/wp\/v2\/media?parent=17809"}],"wp:term":[{"taxonomy":"category","embeddable":true,"href":"https:\/\/www.revistarescatados.com.ar\/web\/wp-json\/wp\/v2\/categories?post=17809"},{"taxonomy":"post_tag","embeddable":true,"href":"https:\/\/www.revistarescatados.com.ar\/web\/wp-json\/wp\/v2\/tags?post=17809"}],"curies":[{"name":"wp","href":"https:\/\/api.w.org\/{rel}","templated":true}]}}