{"id":1785,"date":"2018-09-03T13:01:30","date_gmt":"2018-09-03T16:01:30","guid":{"rendered":"http:\/\/www.revistarescatados.com.ar\/web\/?p=1785"},"modified":"2018-09-03T13:01:30","modified_gmt":"2018-09-03T16:01:30","slug":"fiesta-para-los-ninos-en-la-iglesia-asamblea-de-dios-de-calchaqui","status":"publish","type":"post","link":"https:\/\/www.revistarescatados.com.ar\/web\/2018\/09\/03\/fiesta-para-los-ninos-en-la-iglesia-asamblea-de-dios-de-calchaqui\/","title":{"rendered":"Fiesta para los ni\u00f1os en la Iglesia Asamblea de Dios de Calchaqu\u00ed"},"content":{"rendered":"<p><img loading=\"lazy\" class=\"aligncenter size-full wp-image-1788\" src=\"http:\/\/www.revistarescatados.com.ar\/web\/wp-content\/uploads\/2018\/09\/Fiesta-del-ni\u00f1o-Iglesia.jpg\" alt=\"\" width=\"1383\" height=\"922\" srcset=\"https:\/\/www.revistarescatados.com.ar\/web\/wp-content\/uploads\/2018\/09\/Fiesta-del-ni\u00f1o-Iglesia.jpg 1383w, https:\/\/www.revistarescatados.com.ar\/web\/wp-content\/uploads\/2018\/09\/Fiesta-del-ni\u00f1o-Iglesia-300x200.jpg 300w, https:\/\/www.revistarescatados.com.ar\/web\/wp-content\/uploads\/2018\/09\/Fiesta-del-ni\u00f1o-Iglesia-768x512.jpg 768w, https:\/\/www.revistarescatados.com.ar\/web\/wp-content\/uploads\/2018\/09\/Fiesta-del-ni\u00f1o-Iglesia-1024x683.jpg 1024w\" sizes=\"(max-width: 1383px) 100vw, 1383px\" \/><\/p>\n<p><span style=\"color: #0000ff;\"><strong>Ante una nutrida concurrencia, se llev\u00f3 a cabo este s\u00e1bado en el sal\u00f3n de la congregaci\u00f3n evang\u00e9lica. A los shows de payasos, canciones y regalos, se sum\u00f3 el taller \u201cYo cuido mi cuerpo\u201d de integrantes de la Fundaci\u00f3n Luminares.<\/strong><\/span><\/p>\n<p>Como cada a\u00f1o, la Iglesia Asamblea de Dios realiz\u00f3 su fiesta del \u201cD\u00eda del ni\u00f1o\u201d, organizado por las se\u00f1os de la escuela de ense\u00f1anza b\u00edblica \u201cLa Horita Feliz\u201d. Cerca de 200 ni\u00f1os, acompa\u00f1ados por familiares, participaron del encuentro realizado este s\u00e1bado 1\u00ba de septiembre.<\/p>\n<p>Durante de la jornada, se llevaron a cabo sorteos de regalos, representaci\u00f3n de canciones, un shows de payasos\u00a0 desde Reconquista y se sirvi\u00f3 un rico chocolates. Adem\u00e1s la \u201cpandilla\u201d de la Fundaci\u00f3n Luminares present\u00f3 un taller denominado \u201cYo cuido mi cuerpo\u201d, con el objetivo de prevenir el abuso sexual infantil.<\/p>\n<p><img loading=\"lazy\" class=\"aligncenter size-full wp-image-1787\" src=\"http:\/\/www.revistarescatados.com.ar\/web\/wp-content\/uploads\/2018\/09\/Fiesta-del-ni\u00f1o-Iglesia-2.jpg\" alt=\"\" width=\"1383\" height=\"922\" srcset=\"https:\/\/www.revistarescatados.com.ar\/web\/wp-content\/uploads\/2018\/09\/Fiesta-del-ni\u00f1o-Iglesia-2.jpg 1383w, https:\/\/www.revistarescatados.com.ar\/web\/wp-content\/uploads\/2018\/09\/Fiesta-del-ni\u00f1o-Iglesia-2-300x200.jpg 300w, https:\/\/www.revistarescatados.com.ar\/web\/wp-content\/uploads\/2018\/09\/Fiesta-del-ni\u00f1o-Iglesia-2-768x512.jpg 768w, https:\/\/www.revistarescatados.com.ar\/web\/wp-content\/uploads\/2018\/09\/Fiesta-del-ni\u00f1o-Iglesia-2-1024x683.jpg 1024w\" sizes=\"(max-width: 1383px) 100vw, 1383px\" \/> <img loading=\"lazy\" class=\"aligncenter size-full wp-image-1786\" src=\"http:\/\/www.revistarescatados.com.ar\/web\/wp-content\/uploads\/2018\/09\/Fiesta-del-ni\u00f1o-Iglesia-1.jpg\" alt=\"\" width=\"1383\" height=\"922\" srcset=\"https:\/\/www.revistarescatados.com.ar\/web\/wp-content\/uploads\/2018\/09\/Fiesta-del-ni\u00f1o-Iglesia-1.jpg 1383w, https:\/\/www.revistarescatados.com.ar\/web\/wp-content\/uploads\/2018\/09\/Fiesta-del-ni\u00f1o-Iglesia-1-300x200.jpg 300w, https:\/\/www.revistarescatados.com.ar\/web\/wp-content\/uploads\/2018\/09\/Fiesta-del-ni\u00f1o-Iglesia-1-768x512.jpg 768w, https:\/\/www.revistarescatados.com.ar\/web\/wp-content\/uploads\/2018\/09\/Fiesta-del-ni\u00f1o-Iglesia-1-1024x683.jpg 1024w\" sizes=\"(max-width: 1383px) 100vw, 1383px\" \/><\/p>\n<p><strong>MIRA EL <a href=\"https:\/\/www.facebook.com\/pg\/Revista-Rescatados-161421006756\/photos\/?tab=album&amp;album_id=10156758853336757&amp;__xts__%5B0%5D=68.ARDZmGUnvAKyNqsbKDXCnqLaIQOfMw0xTZh1W86ugM7LnU8LNVxMIedhmo6VRbpLLfhQwqdYiZx7DU_fDMw_k7o8BSLVz0JQJZKado3YAQtfFSFSrNAHf6G6EP3aq_VXsAdn37s5WfVR9jJyC8A1OGVLi3IE_yWcbyvd9Ko1T3fEcC_qmT6LgbM&amp;__tn__=-UC-R\"><span style=\"color: #0000ff;\">ALBUM DE IMAGENES<\/span><\/a><\/strong><\/p>\n","protected":false},"excerpt":{"rendered":"<p>Ante una nutrida concurrencia, se llev\u00f3 a cabo este s\u00e1bado en el sal\u00f3n de la congregaci\u00f3n evang\u00e9lica. A los shows de payasos, canciones y regalos, se sum\u00f3 el taller \u201cYo cuido mi&#46;&#46;&#46;<\/p>\n","protected":false},"author":1,"featured_media":1788,"comment_status":"closed","ping_status":"open","sticky":false,"template":"","format":"standard","meta":[],"categories":[2,7,3,16,8],"tags":[],"_links":{"self":[{"href":"https:\/\/www.revistarescatados.com.ar\/web\/wp-json\/wp\/v2\/posts\/1785"}],"collection":[{"href":"https:\/\/www.revistarescatados.com.ar\/web\/wp-json\/wp\/v2\/posts"}],"about":[{"href":"https:\/\/www.revistarescatados.com.ar\/web\/wp-json\/wp\/v2\/types\/post"}],"author":[{"embeddable":true,"href":"https:\/\/www.revistarescatados.com.ar\/web\/wp-json\/wp\/v2\/users\/1"}],"replies":[{"embeddable":true,"href":"https:\/\/www.revistarescatados.com.ar\/web\/wp-json\/wp\/v2\/comments?post=1785"}],"version-history":[{"count":1,"href":"https:\/\/www.revistarescatados.com.ar\/web\/wp-json\/wp\/v2\/posts\/1785\/revisions"}],"predecessor-version":[{"id":1789,"href":"https:\/\/www.revistarescatados.com.ar\/web\/wp-json\/wp\/v2\/posts\/1785\/revisions\/1789"}],"wp:featuredmedia":[{"embeddable":true,"href":"https:\/\/www.revistarescatados.com.ar\/web\/wp-json\/wp\/v2\/media\/1788"}],"wp:attachment":[{"href":"https:\/\/www.revistarescatados.com.ar\/web\/wp-json\/wp\/v2\/media?parent=1785"}],"wp:term":[{"taxonomy":"category","embeddable":true,"href":"https:\/\/www.revistarescatados.com.ar\/web\/wp-json\/wp\/v2\/categories?post=1785"},{"taxonomy":"post_tag","embeddable":true,"href":"https:\/\/www.revistarescatados.com.ar\/web\/wp-json\/wp\/v2\/tags?post=1785"}],"curies":[{"name":"wp","href":"https:\/\/api.w.org\/{rel}","templated":true}]}}