{"id":1795,"date":"2018-09-03T14:56:15","date_gmt":"2018-09-03T17:56:15","guid":{"rendered":"http:\/\/www.revistarescatados.com.ar\/web\/?p=1795"},"modified":"2018-09-03T14:57:21","modified_gmt":"2018-09-03T17:57:21","slug":"por-primera-vez-en-la-escuela-de-san-cayetano-se-celebro-el-inicio-del-ano-mocovi-video","status":"publish","type":"post","link":"https:\/\/www.revistarescatados.com.ar\/web\/2018\/09\/03\/por-primera-vez-en-la-escuela-de-san-cayetano-se-celebro-el-inicio-del-ano-mocovi-video\/","title":{"rendered":"Por primera vez en la escuela de San Cayetano se celebr\u00f3 el inicio del a\u00f1o mocov\u00ed (video)"},"content":{"rendered":"<p><img loading=\"lazy\" class=\"aligncenter size-full wp-image-1796\" src=\"http:\/\/www.revistarescatados.com.ar\/web\/wp-content\/uploads\/2018\/09\/ceremonia-del-fuego.jpg\" alt=\"\" width=\"1383\" height=\"922\" srcset=\"https:\/\/www.revistarescatados.com.ar\/web\/wp-content\/uploads\/2018\/09\/ceremonia-del-fuego.jpg 1383w, https:\/\/www.revistarescatados.com.ar\/web\/wp-content\/uploads\/2018\/09\/ceremonia-del-fuego-300x200.jpg 300w, https:\/\/www.revistarescatados.com.ar\/web\/wp-content\/uploads\/2018\/09\/ceremonia-del-fuego-768x512.jpg 768w, https:\/\/www.revistarescatados.com.ar\/web\/wp-content\/uploads\/2018\/09\/ceremonia-del-fuego-1024x683.jpg 1024w\" sizes=\"(max-width: 1383px) 100vw, 1383px\" \/><\/p>\n<p><span style=\"color: #0000ff;\"><strong>El acto tuvo lugar el 30 de agosto en la Escuela Intercultural Biling\u00fce N\u00ba 1378 con la presencia de delegaciones escolares y referentes de la etnia mocov\u00ed de Calchaqu\u00ed, Colonia Dolores y Colonia Dur\u00e1n. <\/strong><\/span><\/p>\n<p>Adem\u00e1s de las actividades y representaciones de los alumnos de la instituci\u00f3n, en su mayor\u00eda descendientes mocov\u00edes del barrio San Cayetano y la comunidad Comcayarip\u00ed, se sumaron las palabras alusivas de docentes y referentes como Dora Salte\u00f1o y Ector Cator\u00ed, quienes explicaron la simbolog\u00eda que encierra la ceremonia del fuego que encendieron ancianos de la comunidad. Al tiempo que, al comp\u00e1s del tambor, entonaron el himno mocov\u00ed creado por la comunidad de Colonia Dolores.<\/p>\n<p><strong>MIRA EL <span style=\"color: #0000ff;\">ALBUM DE IMAGENES<\/span><\/strong><\/p>\n<div class=\"video-container\"><iframe loading=\"lazy\" width=\"500\" height=\"375\" src=\"https:\/\/www.youtube.com\/embed\/_gYfq-xgHdU?feature=oembed&#038;wmode=opaque\" frameborder=\"0\" allow=\"autoplay; encrypted-media\" allowfullscreen><\/iframe><\/div>\n","protected":false},"excerpt":{"rendered":"<p>El acto tuvo lugar el 30 de agosto en la Escuela Intercultural Biling\u00fce N\u00ba 1378 con la presencia de delegaciones escolares y referentes de la etnia mocov\u00ed de Calchaqu\u00ed, Colonia Dolores y&#46;&#46;&#46;<\/p>\n","protected":false},"author":1,"featured_media":1796,"comment_status":"closed","ping_status":"open","sticky":false,"template":"","format":"standard","meta":[],"categories":[2,7,3,8],"tags":[],"_links":{"self":[{"href":"https:\/\/www.revistarescatados.com.ar\/web\/wp-json\/wp\/v2\/posts\/1795"}],"collection":[{"href":"https:\/\/www.revistarescatados.com.ar\/web\/wp-json\/wp\/v2\/posts"}],"about":[{"href":"https:\/\/www.revistarescatados.com.ar\/web\/wp-json\/wp\/v2\/types\/post"}],"author":[{"embeddable":true,"href":"https:\/\/www.revistarescatados.com.ar\/web\/wp-json\/wp\/v2\/users\/1"}],"replies":[{"embeddable":true,"href":"https:\/\/www.revistarescatados.com.ar\/web\/wp-json\/wp\/v2\/comments?post=1795"}],"version-history":[{"count":1,"href":"https:\/\/www.revistarescatados.com.ar\/web\/wp-json\/wp\/v2\/posts\/1795\/revisions"}],"predecessor-version":[{"id":1797,"href":"https:\/\/www.revistarescatados.com.ar\/web\/wp-json\/wp\/v2\/posts\/1795\/revisions\/1797"}],"wp:featuredmedia":[{"embeddable":true,"href":"https:\/\/www.revistarescatados.com.ar\/web\/wp-json\/wp\/v2\/media\/1796"}],"wp:attachment":[{"href":"https:\/\/www.revistarescatados.com.ar\/web\/wp-json\/wp\/v2\/media?parent=1795"}],"wp:term":[{"taxonomy":"category","embeddable":true,"href":"https:\/\/www.revistarescatados.com.ar\/web\/wp-json\/wp\/v2\/categories?post=1795"},{"taxonomy":"post_tag","embeddable":true,"href":"https:\/\/www.revistarescatados.com.ar\/web\/wp-json\/wp\/v2\/tags?post=1795"}],"curies":[{"name":"wp","href":"https:\/\/api.w.org\/{rel}","templated":true}]}}