{"id":18002,"date":"2022-08-24T22:09:12","date_gmt":"2022-08-25T01:09:12","guid":{"rendered":"https:\/\/www.revistarescatados.com.ar\/web\/?p=18002"},"modified":"2022-08-24T22:09:17","modified_gmt":"2022-08-25T01:09:17","slug":"la-provincia-creo-una-brigada-de-investigacion-de-femicidios-en-reconquista","status":"publish","type":"post","link":"https:\/\/www.revistarescatados.com.ar\/web\/2022\/08\/24\/la-provincia-creo-una-brigada-de-investigacion-de-femicidios-en-reconquista\/","title":{"rendered":"La provincia cre\u00f3 una brigada de Investigaci\u00f3n de Femicidios en Reconquista"},"content":{"rendered":"\n<p><\/p>\n\n\n\n<p><strong><span class=\"has-inline-color has-vivid-red-color\">Se trata de la segunda brigada especializada en femicidios de la provincia. Depende de la Agencia de Investigaci\u00f3n Criminal (AIC).<\/span><\/strong><\/p>\n\n\n\n<figure class=\"wp-block-image size-large\"><img loading=\"lazy\" width=\"1024\" height=\"575\" src=\"https:\/\/www.revistarescatados.com.ar\/web\/wp-content\/uploads\/2022\/08\/Brigada-de-femicidios-1024x575.jpg\" alt=\"\" class=\"wp-image-18003\" srcset=\"https:\/\/www.revistarescatados.com.ar\/web\/wp-content\/uploads\/2022\/08\/Brigada-de-femicidios-1024x575.jpg 1024w, https:\/\/www.revistarescatados.com.ar\/web\/wp-content\/uploads\/2022\/08\/Brigada-de-femicidios-300x168.jpg 300w, https:\/\/www.revistarescatados.com.ar\/web\/wp-content\/uploads\/2022\/08\/Brigada-de-femicidios-768x431.jpg 768w, https:\/\/www.revistarescatados.com.ar\/web\/wp-content\/uploads\/2022\/08\/Brigada-de-femicidios.jpg 1140w\" sizes=\"(max-width: 1024px) 100vw, 1024px\" \/><\/figure>\n\n\n\n<p>El gobierno provincial, a trav\u00e9s del Ministerio de Seguridad, cre\u00f3 una brigada de Investigaci\u00f3n de Femicidios en la ciudad de Reconquista que estar\u00e1 a cargo de la Agencia de Investigaci\u00f3n Criminal.<br>La nueva brigada es el resultado de un trabajo articulado con el Ministerio P\u00fablico de la Acusaci\u00f3n que inici\u00f3 en abril del 2021, con la primera brigada especializada que comenz\u00f3 a funcionar en las ciudades de Santa Fe y Rosario.<\/p>\n\n\n\n<p>En esta oportunidad se cre\u00f3 en la ciudad de Reconquista para investigar los casos en todo el norte provincial.<\/p>\n\n\n\n<p>En la brigada trabajan agentes e investigadores particularmente capacitados y entrenados en detalle sobre la tem\u00e1tica, que dependen org\u00e1nicamente de la Agencia de Trata de Personas y Violencia de G\u00e9nero, a cargo de la directora Anal\u00eda Noval.<\/p>\n\n\n\n<p>La investigaci\u00f3n se realiza de manera conjunta con la fiscal\u00eda especial de Violencia de G\u00e9nero, Sexual y Familiar, puesto que se abordan temas espec\u00edficos con incorporaci\u00f3n de la perspectiva de g\u00e9nero en la investigaci\u00f3n de muertes violentas de mujeres. El prop\u00f3sito de este trabajo articulado es la aplicaci\u00f3n de la perspectiva de g\u00e9nero desde el inicio de la investigaci\u00f3n y durante todo el procedimiento.<\/p>\n\n\n\n<p>Al respecto la directora de la Agencia de Trata de Personas y Violencia de G\u00e9nero, Anal\u00eda Noval expres\u00f3: &#8220;Es muy importante que en la zona norte de la provincia se cree esta brigada para investigar los femicidios desde el inicio con perspectiva de g\u00e9nero&#8221;.<\/p>\n\n\n\n<p>Y continu\u00f3: &#8220;Las acciones que realiza la brigada en conjunto con el \u00e1rea cient\u00edfica tienen perspectiva de g\u00e9nero y tambi\u00e9n el personal capacitado de orden p\u00fablico; este es un trabajo articulado, en conjunto con diferentes actores pero con el mismo objetivo, garantizar los derechos de la v\u00edctima&#8221;.<\/p>\n\n\n\n<p>Por su parte, el director de la Agencia de Investigaci\u00f3n Criminal, Lic. Carlos Marcelo Zoratti expres\u00f3 al respecto: &#8220;El femicidio es la muerte de una mujer en manos de un hombre por su sola condici\u00f3n de mujer. La agencia de investigaci\u00f3n criminal actualmente cuenta con 5 direcciones operativas, y ser\u00e1 la direcci\u00f3n de Trata y Violencia de G\u00e9nero la encargada de investigar los femicidios porque en estos casos es necesario aplicar la perspectiva de g\u00e9nero&#8221;.<\/p>\n\n\n\n<p>&#8220;La bridaga creada hoy en Reconquista es la segunda especializada en femicidios a nivel latinoamericano. La primera brigada especializada se cre\u00f3 en Santa Fe y en Rosario hemos creado la brigada de balaceras. Estoy convencido de que generar brigadas especializadas en este tipo de delitos es muy productivo, eleva los resultados cuantitativos y cualitativos&#8221;, finaliz\u00f3 el Zoratti.<\/p>\n\n\n\n<p>La inauguraci\u00f3n se llev\u00f3 a cabo en el Sal\u00f3n del Poder Judicial de la ciudad de Reconquista y estuvieron presentes el Fiscal Regional, Rub\u00e9n Mart\u00ednez; el Jefe la Unidad Especial de Violencia de G\u00e9nero, Aldo Gerosa; junto a el Jefe de Playa Mayor, Hern\u00e1n Ferrero; el Fefe de la U.R. IX Reconquista, el Sr. Julio Cesar Lucero; la Jefa de la Agencia de Control Policial; el Director de Los Pumas, Adri\u00e1n Luis Roland y la jefa del Departamento Relaciones Policiales Jaquelina Chiarlo.<\/p>\n","protected":false},"excerpt":{"rendered":"<p>Se trata de la segunda brigada especializada en femicidios de la provincia. Depende de la Agencia de Investigaci\u00f3n Criminal (AIC). El gobierno provincial, a trav\u00e9s del Ministerio de Seguridad, cre\u00f3 una brigada&#46;&#46;&#46;<\/p>\n","protected":false},"author":1,"featured_media":18003,"comment_status":"closed","ping_status":"closed","sticky":false,"template":"","format":"standard","meta":[],"categories":[6,16,10,14],"tags":[],"_links":{"self":[{"href":"https:\/\/www.revistarescatados.com.ar\/web\/wp-json\/wp\/v2\/posts\/18002"}],"collection":[{"href":"https:\/\/www.revistarescatados.com.ar\/web\/wp-json\/wp\/v2\/posts"}],"about":[{"href":"https:\/\/www.revistarescatados.com.ar\/web\/wp-json\/wp\/v2\/types\/post"}],"author":[{"embeddable":true,"href":"https:\/\/www.revistarescatados.com.ar\/web\/wp-json\/wp\/v2\/users\/1"}],"replies":[{"embeddable":true,"href":"https:\/\/www.revistarescatados.com.ar\/web\/wp-json\/wp\/v2\/comments?post=18002"}],"version-history":[{"count":1,"href":"https:\/\/www.revistarescatados.com.ar\/web\/wp-json\/wp\/v2\/posts\/18002\/revisions"}],"predecessor-version":[{"id":18004,"href":"https:\/\/www.revistarescatados.com.ar\/web\/wp-json\/wp\/v2\/posts\/18002\/revisions\/18004"}],"wp:featuredmedia":[{"embeddable":true,"href":"https:\/\/www.revistarescatados.com.ar\/web\/wp-json\/wp\/v2\/media\/18003"}],"wp:attachment":[{"href":"https:\/\/www.revistarescatados.com.ar\/web\/wp-json\/wp\/v2\/media?parent=18002"}],"wp:term":[{"taxonomy":"category","embeddable":true,"href":"https:\/\/www.revistarescatados.com.ar\/web\/wp-json\/wp\/v2\/categories?post=18002"},{"taxonomy":"post_tag","embeddable":true,"href":"https:\/\/www.revistarescatados.com.ar\/web\/wp-json\/wp\/v2\/tags?post=18002"}],"curies":[{"name":"wp","href":"https:\/\/api.w.org\/{rel}","templated":true}]}}