{"id":18091,"date":"2022-09-02T22:26:11","date_gmt":"2022-09-03T01:26:11","guid":{"rendered":"https:\/\/www.revistarescatados.com.ar\/web\/?p=18091"},"modified":"2022-09-02T22:26:14","modified_gmt":"2022-09-03T01:26:14","slug":"la-provincia-construira-un-nuevo-sistema-de-iluminacion-sobre-la-ruta-provincial-n1-en-romang","status":"publish","type":"post","link":"https:\/\/www.revistarescatados.com.ar\/web\/2022\/09\/02\/la-provincia-construira-un-nuevo-sistema-de-iluminacion-sobre-la-ruta-provincial-n1-en-romang\/","title":{"rendered":"La provincia construir\u00e1 un nuevo sistema de iluminaci\u00f3n sobre la Ruta Provincial N\u00b01 en  Romang"},"content":{"rendered":"\n<p><\/p>\n\n\n\n<p><strong><span class=\"has-inline-color has-vivid-red-color\">El gobierno provincial invertir\u00e1 m\u00e1s de 15 millones de pesos para la provisi\u00f3n de columnas, bases de transformador y luminarias completas en m\u00e1s de 2000 metros de la traza.<\/span><\/strong><\/p>\n\n\n\n<figure class=\"wp-block-image size-large\"><img loading=\"lazy\" width=\"1024\" height=\"575\" src=\"https:\/\/www.revistarescatados.com.ar\/web\/wp-content\/uploads\/2022\/09\/Iluminacion-Romang-1024x575.jpg\" alt=\"\" class=\"wp-image-18092\" srcset=\"https:\/\/www.revistarescatados.com.ar\/web\/wp-content\/uploads\/2022\/09\/Iluminacion-Romang-1024x575.jpg 1024w, https:\/\/www.revistarescatados.com.ar\/web\/wp-content\/uploads\/2022\/09\/Iluminacion-Romang-300x168.jpg 300w, https:\/\/www.revistarescatados.com.ar\/web\/wp-content\/uploads\/2022\/09\/Iluminacion-Romang-768x431.jpg 768w, https:\/\/www.revistarescatados.com.ar\/web\/wp-content\/uploads\/2022\/09\/Iluminacion-Romang.jpg 1140w\" sizes=\"(max-width: 1024px) 100vw, 1024px\" \/><\/figure>\n\n\n\n<p>En el marco del &#8216;Programa de Descentralizaci\u00f3n Vial&#8217;, el Ministerio de Infraestructura, Servicios P\u00fablicos y H\u00e1bitat, a trav\u00e9s de la Direcci\u00f3n Provincial de Vialidad, firm\u00f3 un convenio con la municipalidad de Romang con el objetivo de construir un nuevo sistema de iluminaci\u00f3n sobre la Ruta Provincial N\u00b01 en cercan\u00edas a la mencionada localidad ubicada en la zona norte del departamento San Javier.<br>El acuerdo entre el organismo provincial y la municipalidad fue rubricado por la suma total de $15.019.443,98 y, a trav\u00e9s del mismo, la administraci\u00f3n local se compromete a la ejecuci\u00f3n de la obra entre los kil\u00f3metros 272,57 y 274,65 comprendidos en el tramo entre la Ruta Provincial N\u00b036 y el Puente sobre el Arroyo Malabrigo.<\/p>\n\n\n\n<p>En el segmento se instalar\u00e1n 51 bases de hormig\u00f3n con sus correspondientes columnas met\u00e1licas y luminarias con tecnolog\u00eda LED de 150 wattios de potencia y un nivel de iluminancia de 30 lux constantes sobre la calzada, conforme a las normativas vigentes. Las columnas estar\u00e1n ubicadas a una distancia m\u00ednima de 5 metros de la calzada principal, ser\u00e1n de 9 metros de altura, con un brazo pescante de 2 metros. Adem\u00e1s, se instalar\u00e1 un nuevo transformador de alimentaci\u00f3n y el suministro de energ\u00eda ser\u00e1 a trav\u00e9s de cableado a\u00e9reo.<\/p>\n\n\n\n<p>Las tareas, tienen un plazo de ejecuci\u00f3n de 90 d\u00edas a partir del acta de iniciaci\u00f3n y ser\u00e1n certificadas de manera mensual a trav\u00e9s de la Jefatura Zonal IV, que opera desde San Javier y forma parte de la Direcci\u00f3n General de Conservaci\u00f3n del organismo.<\/p>\n\n\n\n<p><strong>OBRAS SOBRE LA RUTA PROVINCIA N\u00b036<br><\/strong>En la zona, durante 2021 finaliz\u00f3 la pavimentaci\u00f3n de la Ruta Provincial N\u00b036, en una longitud de 16.200 metros desde la Ruta Provincial N\u00b01 hacia el Oeste, hasta la zona de Colonia Sager. La obra, que contempl\u00f3 la construcci\u00f3n de un nuevo enlace entre las rutas provinciales con isletas de giro y un nuevo sistema de iluminaci\u00f3n, demand\u00f3 una inversi\u00f3n provincial de unos 1.135 millones de pesos.<\/p>\n\n\n\n<p>En tanto, en la continuidad de la traza transversal e ingresando al departamento Vera, se mantiene en ejecuci\u00f3n la pavimentaci\u00f3n de 24 kil\u00f3metros para alcanzar la Ruta Nacional N\u00b011, en cercan\u00edas a la cabecera. El monto actualizado de la obra es de $1.749.799.501 y el avance se encuentra alrededor del 50%.<\/p>\n","protected":false},"excerpt":{"rendered":"<p>El gobierno provincial invertir\u00e1 m\u00e1s de 15 millones de pesos para la provisi\u00f3n de columnas, bases de transformador y luminarias completas en m\u00e1s de 2000 metros de la traza. En el marco&#46;&#46;&#46;<\/p>\n","protected":false},"author":1,"featured_media":18092,"comment_status":"closed","ping_status":"closed","sticky":false,"template":"","format":"standard","meta":[],"categories":[5,16,10,14,8],"tags":[],"_links":{"self":[{"href":"https:\/\/www.revistarescatados.com.ar\/web\/wp-json\/wp\/v2\/posts\/18091"}],"collection":[{"href":"https:\/\/www.revistarescatados.com.ar\/web\/wp-json\/wp\/v2\/posts"}],"about":[{"href":"https:\/\/www.revistarescatados.com.ar\/web\/wp-json\/wp\/v2\/types\/post"}],"author":[{"embeddable":true,"href":"https:\/\/www.revistarescatados.com.ar\/web\/wp-json\/wp\/v2\/users\/1"}],"replies":[{"embeddable":true,"href":"https:\/\/www.revistarescatados.com.ar\/web\/wp-json\/wp\/v2\/comments?post=18091"}],"version-history":[{"count":1,"href":"https:\/\/www.revistarescatados.com.ar\/web\/wp-json\/wp\/v2\/posts\/18091\/revisions"}],"predecessor-version":[{"id":18093,"href":"https:\/\/www.revistarescatados.com.ar\/web\/wp-json\/wp\/v2\/posts\/18091\/revisions\/18093"}],"wp:featuredmedia":[{"embeddable":true,"href":"https:\/\/www.revistarescatados.com.ar\/web\/wp-json\/wp\/v2\/media\/18092"}],"wp:attachment":[{"href":"https:\/\/www.revistarescatados.com.ar\/web\/wp-json\/wp\/v2\/media?parent=18091"}],"wp:term":[{"taxonomy":"category","embeddable":true,"href":"https:\/\/www.revistarescatados.com.ar\/web\/wp-json\/wp\/v2\/categories?post=18091"},{"taxonomy":"post_tag","embeddable":true,"href":"https:\/\/www.revistarescatados.com.ar\/web\/wp-json\/wp\/v2\/tags?post=18091"}],"curies":[{"name":"wp","href":"https:\/\/api.w.org\/{rel}","templated":true}]}}