{"id":18105,"date":"2022-09-06T00:11:52","date_gmt":"2022-09-06T03:11:52","guid":{"rendered":"https:\/\/www.revistarescatados.com.ar\/web\/?p=18105"},"modified":"2022-09-06T00:11:56","modified_gmt":"2022-09-06T03:11:56","slug":"estrellas-amarillas-calchaqui-pinto-una-nueva-estrella-en-la-ruta-3","status":"publish","type":"post","link":"https:\/\/www.revistarescatados.com.ar\/web\/2022\/09\/06\/estrellas-amarillas-calchaqui-pinto-una-nueva-estrella-en-la-ruta-3\/","title":{"rendered":"Estrellas amarillas Calchaqu\u00ed pint\u00f3 una nueva estrella en la ruta 3"},"content":{"rendered":"\n<p><strong><span class=\"has-inline-color has-vivid-red-color\">Fue en memoria de Nahuel Bogarin, el joven de 26 a\u00f1os de Garabato que el a\u00f1o pasado perdi\u00f3 la vida en un siniestro vial en la Ruta 3.<\/span><\/strong><\/p>\n\n\n\n<figure class=\"wp-block-image size-large\"><img loading=\"lazy\" width=\"1024\" height=\"768\" src=\"https:\/\/www.revistarescatados.com.ar\/web\/wp-content\/uploads\/2022\/09\/Estrellas-amarillas-en-Garabato-1024x768.jpg\" alt=\"\" class=\"wp-image-18106\" srcset=\"https:\/\/www.revistarescatados.com.ar\/web\/wp-content\/uploads\/2022\/09\/Estrellas-amarillas-en-Garabato-1024x768.jpg 1024w, https:\/\/www.revistarescatados.com.ar\/web\/wp-content\/uploads\/2022\/09\/Estrellas-amarillas-en-Garabato-300x225.jpg 300w, https:\/\/www.revistarescatados.com.ar\/web\/wp-content\/uploads\/2022\/09\/Estrellas-amarillas-en-Garabato-768x576.jpg 768w, https:\/\/www.revistarescatados.com.ar\/web\/wp-content\/uploads\/2022\/09\/Estrellas-amarillas-en-Garabato.jpg 1280w\" sizes=\"(max-width: 1024px) 100vw, 1024px\" \/><\/figure>\n\n\n\n<p>En la ma\u00f1ana del domingo 4 de septiembre, familiares y amigos de quien en vida fuera Nahuel Bogarin, con el acompa\u00f1amiento de la fundaci\u00f3n Estrellas Amarillas de Calchaqu\u00ed, pintaron una estrella en la ruta 3 cerca del Paraje Km 315, lugar donde este joven oriundo de Garabato perdi\u00f3 la vida.<\/p>\n\n\n\n<p>El fatal accidente hab\u00eda ocurrido cerca de las 06,00 hs del domingo 04 de abril del a\u00f1o pasado en la Ruta Provincial Nro. 3, a metros del cartel indicatorio del Paraje 315, jurisdicci\u00f3n de Garabato.<\/p>\n\n\n\n<p>En ese lugar, el autom\u00f3vil Peugeot 307 de color gris que al momento era guiado por Leonardo Oherli, despisto y dio varios vuelcos luego de que su conductor perdiera el control del rodado.<\/p>\n\n\n\n<p>Al momento del accidente, en el veh\u00edculo siniestrado se conduc\u00eda Oherli acompa\u00f1ado por un muchacho de apellido Bernal y Nahuel Bogarin quien perdi\u00f3 la vida en el lugar.<\/p>\n\n\n\n<p>La familia Bogarin agradeci\u00f3 a quienes acompa\u00f1aron y en forma particular a la fundaci\u00f3n de Calchaqu\u00ed destacando, \u201cmuchas gracias a la fundaci\u00f3n \u201cESTRELLA AMARILLAS\u201d de Calchaqu\u00ed y a las personas que nos acompa\u00f1\u00f3. Est\u00e1 frase nos deja una ense\u00f1anza. \u201cEL QUE CONDUCE NO BEBE, EL QUE BEBE, NO CONDUCE\u201d.<\/p>\n\n\n\n<p><strong><em>Fuente: FM Vida Fort\u00edn Olmos<\/em><\/strong><\/p>\n","protected":false},"excerpt":{"rendered":"<p>Fue en memoria de Nahuel Bogarin, el joven de 26 a\u00f1os de Garabato que el a\u00f1o pasado perdi\u00f3 la vida en un siniestro vial en la Ruta 3. En la ma\u00f1ana del&#46;&#46;&#46;<\/p>\n","protected":false},"author":1,"featured_media":18106,"comment_status":"closed","ping_status":"closed","sticky":false,"template":"","format":"standard","meta":[],"categories":[2,3,16,8],"tags":[],"_links":{"self":[{"href":"https:\/\/www.revistarescatados.com.ar\/web\/wp-json\/wp\/v2\/posts\/18105"}],"collection":[{"href":"https:\/\/www.revistarescatados.com.ar\/web\/wp-json\/wp\/v2\/posts"}],"about":[{"href":"https:\/\/www.revistarescatados.com.ar\/web\/wp-json\/wp\/v2\/types\/post"}],"author":[{"embeddable":true,"href":"https:\/\/www.revistarescatados.com.ar\/web\/wp-json\/wp\/v2\/users\/1"}],"replies":[{"embeddable":true,"href":"https:\/\/www.revistarescatados.com.ar\/web\/wp-json\/wp\/v2\/comments?post=18105"}],"version-history":[{"count":1,"href":"https:\/\/www.revistarescatados.com.ar\/web\/wp-json\/wp\/v2\/posts\/18105\/revisions"}],"predecessor-version":[{"id":18107,"href":"https:\/\/www.revistarescatados.com.ar\/web\/wp-json\/wp\/v2\/posts\/18105\/revisions\/18107"}],"wp:featuredmedia":[{"embeddable":true,"href":"https:\/\/www.revistarescatados.com.ar\/web\/wp-json\/wp\/v2\/media\/18106"}],"wp:attachment":[{"href":"https:\/\/www.revistarescatados.com.ar\/web\/wp-json\/wp\/v2\/media?parent=18105"}],"wp:term":[{"taxonomy":"category","embeddable":true,"href":"https:\/\/www.revistarescatados.com.ar\/web\/wp-json\/wp\/v2\/categories?post=18105"},{"taxonomy":"post_tag","embeddable":true,"href":"https:\/\/www.revistarescatados.com.ar\/web\/wp-json\/wp\/v2\/tags?post=18105"}],"curies":[{"name":"wp","href":"https:\/\/api.w.org\/{rel}","templated":true}]}}