{"id":18200,"date":"2022-09-20T00:16:49","date_gmt":"2022-09-20T03:16:49","guid":{"rendered":"https:\/\/www.revistarescatados.com.ar\/web\/?p=18200"},"modified":"2022-09-20T00:16:54","modified_gmt":"2022-09-20T03:16:54","slug":"la-provincia-indico-que-las-escuelas-deberan-permanecer-abiertas-en-los-dias-de-paro-docente","status":"publish","type":"post","link":"https:\/\/www.revistarescatados.com.ar\/web\/2022\/09\/20\/la-provincia-indico-que-las-escuelas-deberan-permanecer-abiertas-en-los-dias-de-paro-docente\/","title":{"rendered":"La provincia indic\u00f3 que las escuelas deber\u00e1n permanecer abiertas en los d\u00edas de paro docente"},"content":{"rendered":"\n<p><\/p>\n\n\n\n<p><strong><span class=\"has-inline-color has-vivid-red-color\">A trav\u00e9s de la circular N\u00b0 006, el Ministerio de Educaci\u00f3n inform\u00f3 que las escuelas permanecer\u00e1n abiertas para los docentes y personal escolar que se presenten a trabajar. Los comedores escolares funcionar\u00e1n normalmente.<\/span><\/strong><\/p>\n\n\n\n<figure class=\"wp-block-image size-large\"><img loading=\"lazy\" width=\"1024\" height=\"683\" src=\"https:\/\/www.revistarescatados.com.ar\/web\/wp-content\/uploads\/2022\/09\/Docente-1024x683.jpg\" alt=\"\" class=\"wp-image-18201\" srcset=\"https:\/\/www.revistarescatados.com.ar\/web\/wp-content\/uploads\/2022\/09\/Docente-1024x683.jpg 1024w, https:\/\/www.revistarescatados.com.ar\/web\/wp-content\/uploads\/2022\/09\/Docente-300x200.jpg 300w, https:\/\/www.revistarescatados.com.ar\/web\/wp-content\/uploads\/2022\/09\/Docente-768x512.jpg 768w, https:\/\/www.revistarescatados.com.ar\/web\/wp-content\/uploads\/2022\/09\/Docente.jpg 1063w\" sizes=\"(max-width: 1024px) 100vw, 1024px\" \/><\/figure>\n\n\n\n<p>Con la firma de la ministra de Educaci\u00f3n, Adriana Cantero, el gobierno de la provincia difundi\u00f3 este lunes la circular N\u00b0 006 dirigida a docentes, directivos de instituciones educativas, directores regionales, coordinadores pedag\u00f3gicos y supervisores para informarles que \u201clas escuelas permanecer\u00e1n abiertas\u201d, durante los d\u00edas de paro decretados por AMSAFE, \u201cconsiderando que hay sindicatos docentes y estatales que, habiendo aceptado la propuesta realizada por el gobierno provincial en paritarias, solicitan se asegure su posibilidad de asistir a los lugares de trabajo\u201d.<\/p>\n\n\n\n<p>Tambi\u00e9n, se notific\u00f3 que \u201clos asistentes escolares realizar\u00e1n sus tareas habituales, cuidando que los espacios permanezcan limpios y ordenados, garantizando especialmente el servicio de los comedores escolares\u201d porque \u201ces fundamental cuidar el derecho de los y las estudiantes de acceder al servicio alimentario diario\u201d.<\/p>\n\n\n\n<p>El comunicado refrendado por la ministra Cantero concluye especificando que \u201cel personal escolar que concurra en estos d\u00edas, registrar\u00e1 su presencia en el libro de asistencias diaria reglamentario en las escuelas\u201d. Eso, ser\u00e1 constancia suficiente para acreditar la asistencia al lugar de trabajo. De este modo as\u00ed como se respeta el derecho constitucional a la huelga, tambi\u00e9n se acompa\u00f1a a quienes no quieran adherir y asistan a los establecimientos educativos.<\/p>\n","protected":false},"excerpt":{"rendered":"<p>A trav\u00e9s de la circular N\u00b0 006, el Ministerio de Educaci\u00f3n inform\u00f3 que las escuelas permanecer\u00e1n abiertas para los docentes y personal escolar que se presenten a trabajar. Los comedores escolares funcionar\u00e1n&#46;&#46;&#46;<\/p>\n","protected":false},"author":1,"featured_media":18201,"comment_status":"closed","ping_status":"closed","sticky":false,"template":"","format":"standard","meta":[],"categories":[16,15,12],"tags":[],"_links":{"self":[{"href":"https:\/\/www.revistarescatados.com.ar\/web\/wp-json\/wp\/v2\/posts\/18200"}],"collection":[{"href":"https:\/\/www.revistarescatados.com.ar\/web\/wp-json\/wp\/v2\/posts"}],"about":[{"href":"https:\/\/www.revistarescatados.com.ar\/web\/wp-json\/wp\/v2\/types\/post"}],"author":[{"embeddable":true,"href":"https:\/\/www.revistarescatados.com.ar\/web\/wp-json\/wp\/v2\/users\/1"}],"replies":[{"embeddable":true,"href":"https:\/\/www.revistarescatados.com.ar\/web\/wp-json\/wp\/v2\/comments?post=18200"}],"version-history":[{"count":1,"href":"https:\/\/www.revistarescatados.com.ar\/web\/wp-json\/wp\/v2\/posts\/18200\/revisions"}],"predecessor-version":[{"id":18202,"href":"https:\/\/www.revistarescatados.com.ar\/web\/wp-json\/wp\/v2\/posts\/18200\/revisions\/18202"}],"wp:featuredmedia":[{"embeddable":true,"href":"https:\/\/www.revistarescatados.com.ar\/web\/wp-json\/wp\/v2\/media\/18201"}],"wp:attachment":[{"href":"https:\/\/www.revistarescatados.com.ar\/web\/wp-json\/wp\/v2\/media?parent=18200"}],"wp:term":[{"taxonomy":"category","embeddable":true,"href":"https:\/\/www.revistarescatados.com.ar\/web\/wp-json\/wp\/v2\/categories?post=18200"},{"taxonomy":"post_tag","embeddable":true,"href":"https:\/\/www.revistarescatados.com.ar\/web\/wp-json\/wp\/v2\/tags?post=18200"}],"curies":[{"name":"wp","href":"https:\/\/api.w.org\/{rel}","templated":true}]}}