{"id":18203,"date":"2022-09-20T00:20:22","date_gmt":"2022-09-20T03:20:22","guid":{"rendered":"https:\/\/www.revistarescatados.com.ar\/web\/?p=18203"},"modified":"2022-09-20T00:20:26","modified_gmt":"2022-09-20T03:20:26","slug":"imputaron-a-dos-hermanos-a-los-que-se-investiga-por-intentar-matar-a-un-vecino-en-san-justo","status":"publish","type":"post","link":"https:\/\/www.revistarescatados.com.ar\/web\/2022\/09\/20\/imputaron-a-dos-hermanos-a-los-que-se-investiga-por-intentar-matar-a-un-vecino-en-san-justo\/","title":{"rendered":"Imputaron a dos hermanos a los que se investiga por intentar matar a un vecino en San Justo"},"content":{"rendered":"\n<p><\/p>\n\n\n\n<p><strong><span class=\"has-inline-color has-vivid-red-color\">Tienen 29 y 21 a\u00f1os y se les atribuy\u00f3 haber cometido el delito en el marco de una discusi\u00f3n en la v\u00eda p\u00fablica. La Fiscal\u00eda les endilg\u00f3 haber utilizado un arma blanca para darle un puntazo en el pecho a la v\u00edctima. El mi\u00e9rcoles se debatir\u00e1n las medidas cautelares y el MPA adelant\u00f3 que pedir\u00e1 que las dos personas queden en prisi\u00f3n preventiva.<\/span><\/strong><\/p>\n\n\n\n<figure class=\"wp-block-image size-large\"><img loading=\"lazy\" width=\"1024\" height=\"683\" src=\"http:\/\/www.revistarescatados.com.ar\/web\/wp-content\/uploads\/2019\/05\/Apu\u00f1alado-1024x683.jpg\" alt=\"\" class=\"wp-image-4816\" srcset=\"https:\/\/www.revistarescatados.com.ar\/web\/wp-content\/uploads\/2019\/05\/Apu\u00f1alado-1024x683.jpg 1024w, https:\/\/www.revistarescatados.com.ar\/web\/wp-content\/uploads\/2019\/05\/Apu\u00f1alado-300x200.jpg 300w, https:\/\/www.revistarescatados.com.ar\/web\/wp-content\/uploads\/2019\/05\/Apu\u00f1alado-768x512.jpg 768w, https:\/\/www.revistarescatados.com.ar\/web\/wp-content\/uploads\/2019\/05\/Apu\u00f1alado.jpg 1500w\" sizes=\"(max-width: 1024px) 100vw, 1024px\" \/><\/figure>\n\n\n\n<p>Dos hermanos de 29 y 21 a\u00f1os fueron imputados en el marco de una investigaci\u00f3n que tramita en la Fiscal\u00eda Regional 1 por una tentativa de homicidio cometida el s\u00e1bado en San Justo.<\/p>\n\n\n\n<p>En una audiencia llevada a cabo esta ma\u00f1ana en los tribunales de la ciudad de Santa Fe, el MPA les atribuy\u00f3 ser los coautores del delito cometido el s\u00e1bado pasado en inmediaciones de calle Enrique Rodr\u00edguez al 2.000.<\/p>\n\n\n\n<p><strong>Puntazo en el pecho<\/strong><\/p>\n\n\n\n<p>La tentativa de homicidio que se investiga fue minutos antes de las 20:00. \u201cLos dos hermanos \u2013de iniciales LDB y ADB, respectivamente\u2013 investigados comenzaron a discutir con un vecino, a quien agredieron f\u00edsicamente y luego intentaron matarlo propin\u00e1ndole un puntazo con un arma blanca en el pecho\u201d, relat\u00f3 la Fiscal\u00eda.<\/p>\n\n\n\n<p>\u201cLa v\u00edctima salv\u00f3 su vida por razones ajenas a la voluntad de los atacantes, quienes actuaron con intenci\u00f3n de quitarle la vida\u201d, sostuvo el MPA. \u201cAdem\u00e1s, el hombre agredido pudo entrar a la casa de su madre, donde recibi\u00f3 ayuda y fue trasladado al Samco local y luego derivado de urgencia al hospital Iturraspe de la capital provincial\u201d, agreg\u00f3 la Fiscal\u00eda.<\/p>\n\n\n\n<p><strong>Detenci\u00f3n<\/strong><\/p>\n\n\n\n<p>Los dos hermanos investigados fueron detenidos minutos despu\u00e9s de la agresi\u00f3n a la v\u00edctima. Personal policial lleg\u00f3 al lugar a ra\u00edz de un llamado que realiz\u00f3 un familiar del hombre atacado.<\/p>\n\n\n\n<p>Medidas cautelares<\/p>\n\n\n\n<p>Seg\u00fan se resolvi\u00f3 en la audiencia de hoy, las medidas cautelares se debatir\u00e1n el pr\u00f3ximo mi\u00e9rcoles. La Fiscal\u00eda adelant\u00f3 que solicitar\u00e1 la prisi\u00f3n preventiva de los dos hermanos detenidos.<\/p>\n","protected":false},"excerpt":{"rendered":"<p>Tienen 29 y 21 a\u00f1os y se les atribuy\u00f3 haber cometido el delito en el marco de una discusi\u00f3n en la v\u00eda p\u00fablica. La Fiscal\u00eda les endilg\u00f3 haber utilizado un arma blanca&#46;&#46;&#46;<\/p>\n","protected":false},"author":1,"featured_media":4816,"comment_status":"closed","ping_status":"closed","sticky":false,"template":"","format":"standard","meta":[],"categories":[4,16,10,8],"tags":[],"_links":{"self":[{"href":"https:\/\/www.revistarescatados.com.ar\/web\/wp-json\/wp\/v2\/posts\/18203"}],"collection":[{"href":"https:\/\/www.revistarescatados.com.ar\/web\/wp-json\/wp\/v2\/posts"}],"about":[{"href":"https:\/\/www.revistarescatados.com.ar\/web\/wp-json\/wp\/v2\/types\/post"}],"author":[{"embeddable":true,"href":"https:\/\/www.revistarescatados.com.ar\/web\/wp-json\/wp\/v2\/users\/1"}],"replies":[{"embeddable":true,"href":"https:\/\/www.revistarescatados.com.ar\/web\/wp-json\/wp\/v2\/comments?post=18203"}],"version-history":[{"count":1,"href":"https:\/\/www.revistarescatados.com.ar\/web\/wp-json\/wp\/v2\/posts\/18203\/revisions"}],"predecessor-version":[{"id":18204,"href":"https:\/\/www.revistarescatados.com.ar\/web\/wp-json\/wp\/v2\/posts\/18203\/revisions\/18204"}],"wp:featuredmedia":[{"embeddable":true,"href":"https:\/\/www.revistarescatados.com.ar\/web\/wp-json\/wp\/v2\/media\/4816"}],"wp:attachment":[{"href":"https:\/\/www.revistarescatados.com.ar\/web\/wp-json\/wp\/v2\/media?parent=18203"}],"wp:term":[{"taxonomy":"category","embeddable":true,"href":"https:\/\/www.revistarescatados.com.ar\/web\/wp-json\/wp\/v2\/categories?post=18203"},{"taxonomy":"post_tag","embeddable":true,"href":"https:\/\/www.revistarescatados.com.ar\/web\/wp-json\/wp\/v2\/tags?post=18203"}],"curies":[{"name":"wp","href":"https:\/\/api.w.org\/{rel}","templated":true}]}}