{"id":18205,"date":"2022-09-21T00:34:07","date_gmt":"2022-09-21T03:34:07","guid":{"rendered":"https:\/\/www.revistarescatados.com.ar\/web\/?p=18205"},"modified":"2022-09-21T01:05:17","modified_gmt":"2022-09-21T04:05:17","slug":"el-municipio-de-calchaqui-adquirio-29-camaras-de-vigilancia","status":"publish","type":"post","link":"https:\/\/www.revistarescatados.com.ar\/web\/2022\/09\/21\/el-municipio-de-calchaqui-adquirio-29-camaras-de-vigilancia\/","title":{"rendered":"El municipio de Calchaqu\u00ed adquiri\u00f3 29 c\u00e1maras de vigilancia"},"content":{"rendered":"\n<figure class=\"wp-block-image size-full\"><img loading=\"lazy\" width=\"918\" height=\"419\" src=\"https:\/\/www.revistarescatados.com.ar\/web\/wp-content\/uploads\/2022\/09\/image.png\" alt=\"\" class=\"wp-image-18206\" srcset=\"https:\/\/www.revistarescatados.com.ar\/web\/wp-content\/uploads\/2022\/09\/image.png 918w, https:\/\/www.revistarescatados.com.ar\/web\/wp-content\/uploads\/2022\/09\/image-300x137.png 300w, https:\/\/www.revistarescatados.com.ar\/web\/wp-content\/uploads\/2022\/09\/image-768x351.png 768w\" sizes=\"(max-width: 918px) 100vw, 918px\" \/><\/figure>\n\n\n\n<p><\/p>\n\n\n\n<p><strong><span class=\"has-inline-color has-vivid-red-color\">El intendente present\u00f3 el equipamiento obtenido con aportes provinciales, que se instalar\u00e1 en puntos estrat\u00e9gicos de la ciudad. El secretario de seguridad anunci\u00f3 operativos con la polic\u00eda de seguridad vial.<\/span><\/strong><\/p>\n\n\n\n<p>Este martes 20 de septiembre, el intendente Rub\u00e9n Cuello, acompa\u00f1ado de las concejales Graciela Hetze y Milca Garavaglia y el Secretario de Seguridad Municipal, Luis Figueroa, hizo la presentaci\u00f3n del equipamiento destinado a prevenci\u00f3n y seguridad en la ciudad.<\/p>\n\n\n\n<p>Con una inversi\u00f3n de m\u00e1s de 4 millones de pesos, el municipio adquiri\u00f3 29 c\u00e1maras de vigilancia full HD, elementos fundamentales en la prevenci\u00f3n y control de riesgo en materia de seguridad.<\/p>\n\n\n\n<iframe loading=\"lazy\" src=\"https:\/\/www.facebook.com\/plugins\/video.php?height=314&#038;href=https%3A%2F%2Fwww.facebook.com%2Frescatados.calchaqui.5%2Fvideos%2F5517041811685834%2F&#038;show_text=false&#038;width=560&#038;t=0\" width=\"560\" height=\"314\" style=\"border:none;overflow:hidden\" scrolling=\"no\" frameborder=\"0\" allowfullscreen=\"true\" allow=\"autoplay; clipboard-write; encrypted-media; picture-in-picture; web-share\" allowFullScreen=\"true\"><\/iframe>\n\n\n\n<p>El mandatario insisti\u00f3 que la seguridad es una preocupaci\u00f3n de su gesti\u00f3n y destac\u00f3 la el trabajo mancomunado de la secretaria de seguridad, las Udes y la polic\u00eda local. Respecto de los operativos antidrogas; se\u00f1al\u00f3 que \u201chay 6 lugares ya identificados donde se vende droga en Calchaqu\u00ed, pero dependemos del accionar de la justicia\u201d.<\/p>\n\n\n\n<p>Con respecto a los esclarecimientos de delitos, Figueroa estim\u00f3 que hay un 75% de hechos esclarecidos y ponder\u00f3 la labor policial. Asimismo, adelant\u00f3 que en los pr\u00f3ximos d\u00edas se implementar\u00e1n controles de motoveh\u00edculos con inspectores municipales y el respaldo de la polic\u00eda de seguridad vial.<\/p>\n","protected":false},"excerpt":{"rendered":"<p>El intendente present\u00f3 el equipamiento obtenido con aportes provinciales, que se instalar\u00e1 en puntos estrat\u00e9gicos de la ciudad. El secretario de seguridad anunci\u00f3 operativos con la polic\u00eda de seguridad vial. Este martes&#46;&#46;&#46;<\/p>\n","protected":false},"author":1,"featured_media":18206,"comment_status":"closed","ping_status":"closed","sticky":false,"template":"","format":"standard","meta":[],"categories":[2,3,16,10],"tags":[],"_links":{"self":[{"href":"https:\/\/www.revistarescatados.com.ar\/web\/wp-json\/wp\/v2\/posts\/18205"}],"collection":[{"href":"https:\/\/www.revistarescatados.com.ar\/web\/wp-json\/wp\/v2\/posts"}],"about":[{"href":"https:\/\/www.revistarescatados.com.ar\/web\/wp-json\/wp\/v2\/types\/post"}],"author":[{"embeddable":true,"href":"https:\/\/www.revistarescatados.com.ar\/web\/wp-json\/wp\/v2\/users\/1"}],"replies":[{"embeddable":true,"href":"https:\/\/www.revistarescatados.com.ar\/web\/wp-json\/wp\/v2\/comments?post=18205"}],"version-history":[{"count":2,"href":"https:\/\/www.revistarescatados.com.ar\/web\/wp-json\/wp\/v2\/posts\/18205\/revisions"}],"predecessor-version":[{"id":18208,"href":"https:\/\/www.revistarescatados.com.ar\/web\/wp-json\/wp\/v2\/posts\/18205\/revisions\/18208"}],"wp:featuredmedia":[{"embeddable":true,"href":"https:\/\/www.revistarescatados.com.ar\/web\/wp-json\/wp\/v2\/media\/18206"}],"wp:attachment":[{"href":"https:\/\/www.revistarescatados.com.ar\/web\/wp-json\/wp\/v2\/media?parent=18205"}],"wp:term":[{"taxonomy":"category","embeddable":true,"href":"https:\/\/www.revistarescatados.com.ar\/web\/wp-json\/wp\/v2\/categories?post=18205"},{"taxonomy":"post_tag","embeddable":true,"href":"https:\/\/www.revistarescatados.com.ar\/web\/wp-json\/wp\/v2\/tags?post=18205"}],"curies":[{"name":"wp","href":"https:\/\/api.w.org\/{rel}","templated":true}]}}