{"id":18209,"date":"2022-09-21T01:07:18","date_gmt":"2022-09-21T04:07:18","guid":{"rendered":"https:\/\/www.revistarescatados.com.ar\/web\/?p=18209"},"modified":"2022-09-21T01:07:22","modified_gmt":"2022-09-21T04:07:22","slug":"la-provincia-inauguro-23-viviendas-en-malabrigo","status":"publish","type":"post","link":"https:\/\/www.revistarescatados.com.ar\/web\/2022\/09\/21\/la-provincia-inauguro-23-viviendas-en-malabrigo\/","title":{"rendered":"La provincia inaugur\u00f3 23 viviendas en Malabrigo"},"content":{"rendered":"\n<p><\/p>\n\n\n\n<p><strong><span class=\"has-inline-color has-vivid-red-color\">Se tratan de viviendas de dos dormitorios que se construyeron en barrio San Juan Obrero. La ministra Frana tambi\u00e9n recorri\u00f3 los avances de obras en Romang y Reconquista.<\/span><\/strong><\/p>\n\n\n\n<figure class=\"wp-block-image size-large\"><img loading=\"lazy\" width=\"1024\" height=\"575\" src=\"https:\/\/www.revistarescatados.com.ar\/web\/wp-content\/uploads\/2022\/09\/vivierndas-malabrigo-1024x575.jpg\" alt=\"\" class=\"wp-image-18210\" srcset=\"https:\/\/www.revistarescatados.com.ar\/web\/wp-content\/uploads\/2022\/09\/vivierndas-malabrigo-1024x575.jpg 1024w, https:\/\/www.revistarescatados.com.ar\/web\/wp-content\/uploads\/2022\/09\/vivierndas-malabrigo-300x168.jpg 300w, https:\/\/www.revistarescatados.com.ar\/web\/wp-content\/uploads\/2022\/09\/vivierndas-malabrigo-768x431.jpg 768w, https:\/\/www.revistarescatados.com.ar\/web\/wp-content\/uploads\/2022\/09\/vivierndas-malabrigo.jpg 1140w\" sizes=\"(max-width: 1024px) 100vw, 1024px\" \/><\/figure>\n\n\n\n<p>La ministra de Infraestructura, Servicios P\u00fablicos y H\u00e1bitat, Silvina Frana, inaugur\u00f3 23 nuevas viviendas en Malabrigo, departamento General Obligado. A trav\u00e9s de fondos provinciales, se invirtieron m\u00e1s de 124 millones de pesos. Durante la actividad, estuvo acompa\u00f1ada por el secretario de H\u00e1bitat, Amado Zorz\u00f3n; el director Provincial de Vivienda y Urbanismo, Edgardo Ragalli; y el intendente de Malabrigo, Roberto Spont\u00f3n, entre otras autoridades.<\/p>\n\n\n\n<p>Adem\u00e1s, la ministra visit\u00f3 las localidades de Romang y Reconquista, donde mantuvo un encuentro con los jefes locales, en el que se dialog\u00f3 acerca de las obras proyectadas y en marcha, a la vez que se escucharon las necesidades de cada una de las localidades.<\/p>\n\n\n\n<p>\u201cVinimos a rendir cuentas de lo que estamos haciendo, de las obras y pol\u00edticas p\u00fablicas que estamos ejecutando en los departamentos San Javier y General Obligado, con aproximadamente 40 obras desde nuestro ministerio\u201d, asegur\u00f3 Frana.<\/p>\n\n\n\n<p>Y se\u00f1al\u00f3 que &#8220;continuamos las obras, no porque sean de otra gesti\u00f3n, sino porque todo lo que es bueno para la gente hay que continuarlo. Esto es lo que nos pide el gobernador Omar Perotti, no s\u00f3lo recorrer las obras, sino tambi\u00e9n saber escuchar a la gente y a las autoridades, sin importar el color pol\u00edtico que los identifica. Lo importante es generar las condiciones de arraigo que le permitan a las santafesinas y santafesinos mejorar su calidad de vida\u201d, indic\u00f3.<\/p>\n\n\n\n<p>\u201cCada vez que entregamos viviendas es un d\u00eda de fiesta, porque a partir de hoy, como dice el gobernador Omar Perotti, empiezan a escribir un cap\u00edtulo distinto de sus vidas, un lugar d\u00f3nde crecer y poder construir un futuro mejor. Somos muy felices cuando sabemos que una acci\u00f3n les cambia la vida\u201d, dijo Frana.<\/p>\n\n\n\n<p>A su turno, Zorz\u00f3n resalt\u00f3: \u201cEs un gusto estar en esta instancia de inauguraci\u00f3n de 23 viviendas que se componen sobre un total de 34. Este convenio se firm\u00f3 en 2016 con el gobierno anterior, donde comenzamos con 11 y luego esperamos la llegada de las restantes pero eso no pas\u00f3 hasta que lleg\u00f3 esta gesti\u00f3n. A pedido del gobernador Omar Perotti, encaramos todas las obras y en menos de un a\u00f1o recuperamos el inicio de obra en agosto del 2021, en un a\u00f1o las construimos ya con las familias asignadas\u201d.<\/p>\n\n\n\n<p>Finalmente, Spont\u00f3n declar\u00f3: \u201cEn nombre de la comunidad estamos muy contentos por estar con 23 familias que hoy cumplir\u00e1n el sue\u00f1o del techo propio. Eso es gracias a la decisi\u00f3n pol\u00edtica del gobierno provincial, con Omar Perotti y Silvina Frana, que logramos estar todos aqu\u00ed, a pesar de nuestras diferencias, compartiendo este momento de alegr\u00eda\u201d.<\/p>\n\n\n\n<p><strong>M\u00c1S VIVIENDAS PARA MALABRIGO<\/strong><\/p>\n\n\n\n<p>En el marco del acto, Frana anunci\u00f3: \u201cHoy en la provincia se est\u00e1n construyendo m\u00e1s de 13.367 viviendas de distintos planes financiados por la Naci\u00f3n y la Provincia y puedo anunciar que en poco tiempo vamos a construir 17 viviendas m\u00e1s en Malabrigo a trav\u00e9s del programa nacional Casa Propia. Lo contamos en un momento dif\u00edcil del pa\u00eds, m\u00e1s all\u00e1 de los colores pol\u00edticos, tambi\u00e9n hay noticias buenas que celebrar, porque ustedes son los verdaderos protagonistas de estas obras\u201d, concluy\u00f3 la ministra.<\/p>\n\n\n\n<p>En relaci\u00f3n al plan de viviendas inauguradas, 22 pertenecen al prototipo vivienda compacta; y una adaptada para personas con discapacidad motriz y cuentan con dos dormitorios. Funcionalmente, poseen sala de estar \u2013 comedor, cocina, lavadero y ba\u00f1o completamente instalado.<\/p>\n\n\n\n<p>Con respecto a la infraestructura del barrio, se realizaron las conexiones domiciliarias de cloaca y agua, desag\u00fces pluviales, estabilizado granular en calzadas, energ\u00eda el\u00e9ctrica, alumbrado p\u00fablico, veredas peatonales y arborizaci\u00f3n.<\/p>\n\n\n\n<p><strong>REGISTRO DIGITAL DE ACCESO A LA VIVIENDA<\/strong><\/p>\n\n\n\n<p>Las familias que accedieron a estas viviendas lo hicieron inscribi\u00e9ndose en el Registro Digital de Acceso a la Vivienda que la provincia dispone para participar de los eventuales sorteos que se realizan en distintas localidades.<\/p>\n\n\n\n<p>El sorteo se llev\u00f3 a cabo respetando los cupos establecidos por la DPVyU: 14 pertenecen a Demanda General, una a Demanda General con Antig\u00fcedad, dos a Fuerzas de Seguridad, dos a Fuerzas de Seguridad con Antig\u00fcedad; una para personas con Discapacidad; uno para personas con Otra Discapacidad; uno para para personas trasplantadas; y finalmente, se asign\u00f3 de manera directa un titular para el cupo de Bomberos Voluntarios, de acuerdo al orden de antig\u00fcedad de servicio.<\/p>\n\n\n\n<p><strong>DESARROLLO REGIONAL<\/strong><\/p>\n\n\n\n<p>En Romang, Frana destac\u00f3 las obras viales, de salud y educaci\u00f3n que se est\u00e1n ejecutando: \u201cOtro sue\u00f1o es la ruta 36, Romang con Vera, unir la provincia de Este a Oeste, comunicando muchas localidades y facilitando a la gente llegar a diversos lugares, ya sea por salud, fortaleciendo las v\u00edas productivas, o por turismo. Y los avances del Jard\u00edn pospandemia con un 43 por ciento de avance. As\u00ed es como el Estado est\u00e1 presente, buscando el equilibrio territorial y poblacional, concretando realidades para generar mejores oportunidades a la gente que vive o trabaja en el lugar\u201d.<\/p>\n\n\n\n<p>Mientras que en Reconquista, la ministra visit\u00f3 el avance de las obras del Centro de Desarrollo Infantil y el Complejo Tur\u00edstico Gente del Agua, que se est\u00e1n construyendo en Reconquista: \u201cVerificamos un avance importante en esta obra, m\u00e1s de un 80 por ciento en el CDI y un 70 en el complejo tur\u00edstico, lo que muestra el compromiso y trabajo coordinado entre Naci\u00f3n, Provincia y Municipio, para el desarrollo regional en cada una de las localidades con obras que contienen y fortalecen el desarrollo infantil y, por otro lado, con infraestructura que potencia la actividad tur\u00edstica\u201d.<\/p>\n\n\n\n<p>Finalmente, en referencia al nuevo Hospital de San Javier, Frana mencion\u00f3: \u201cTrabajamos mucho para fortalecer la infraestructura sanitaria, principalmente en los lugares menos poblados y con grandes demandas, donde la gente ten\u00eda que trasladarse a la ciudad m\u00e1s cercana para poder atenderse. Por eso poco a poco vamos resolviendo estas demandas\u201d.<\/p>\n","protected":false},"excerpt":{"rendered":"<p>Se tratan de viviendas de dos dormitorios que se construyeron en barrio San Juan Obrero. La ministra Frana tambi\u00e9n recorri\u00f3 los avances de obras en Romang y Reconquista. La ministra de Infraestructura,&#46;&#46;&#46;<\/p>\n","protected":false},"author":1,"featured_media":18210,"comment_status":"closed","ping_status":"closed","sticky":false,"template":"","format":"standard","meta":[],"categories":[6,16,10,8],"tags":[],"_links":{"self":[{"href":"https:\/\/www.revistarescatados.com.ar\/web\/wp-json\/wp\/v2\/posts\/18209"}],"collection":[{"href":"https:\/\/www.revistarescatados.com.ar\/web\/wp-json\/wp\/v2\/posts"}],"about":[{"href":"https:\/\/www.revistarescatados.com.ar\/web\/wp-json\/wp\/v2\/types\/post"}],"author":[{"embeddable":true,"href":"https:\/\/www.revistarescatados.com.ar\/web\/wp-json\/wp\/v2\/users\/1"}],"replies":[{"embeddable":true,"href":"https:\/\/www.revistarescatados.com.ar\/web\/wp-json\/wp\/v2\/comments?post=18209"}],"version-history":[{"count":1,"href":"https:\/\/www.revistarescatados.com.ar\/web\/wp-json\/wp\/v2\/posts\/18209\/revisions"}],"predecessor-version":[{"id":18211,"href":"https:\/\/www.revistarescatados.com.ar\/web\/wp-json\/wp\/v2\/posts\/18209\/revisions\/18211"}],"wp:featuredmedia":[{"embeddable":true,"href":"https:\/\/www.revistarescatados.com.ar\/web\/wp-json\/wp\/v2\/media\/18210"}],"wp:attachment":[{"href":"https:\/\/www.revistarescatados.com.ar\/web\/wp-json\/wp\/v2\/media?parent=18209"}],"wp:term":[{"taxonomy":"category","embeddable":true,"href":"https:\/\/www.revistarescatados.com.ar\/web\/wp-json\/wp\/v2\/categories?post=18209"},{"taxonomy":"post_tag","embeddable":true,"href":"https:\/\/www.revistarescatados.com.ar\/web\/wp-json\/wp\/v2\/tags?post=18209"}],"curies":[{"name":"wp","href":"https:\/\/api.w.org\/{rel}","templated":true}]}}