{"id":18219,"date":"2022-09-26T21:05:46","date_gmt":"2022-09-27T00:05:46","guid":{"rendered":"https:\/\/www.revistarescatados.com.ar\/web\/?p=18219"},"modified":"2022-09-26T21:05:50","modified_gmt":"2022-09-27T00:05:50","slug":"jovenes-del-departamento-vera-se-destacan-en-los-juegos-santafesinos-2022","status":"publish","type":"post","link":"https:\/\/www.revistarescatados.com.ar\/web\/2022\/09\/26\/jovenes-del-departamento-vera-se-destacan-en-los-juegos-santafesinos-2022\/","title":{"rendered":"J\u00f3venes del departamento Vera se destacan en los Juegos Santafesinos 2022"},"content":{"rendered":"\n<p><strong><span class=\"has-inline-color has-vivid-red-color\">El senador Osvaldo Sosa felicit\u00f3  a los j\u00f3venes que participaron en la instancia provincial de los Juegos Santafesinos. Les agradeci\u00f3 profundamente por representarnos como departamento Vera, pero tambi\u00e9n como norte santafesino. <\/span><\/strong><\/p>\n\n\n\n<figure class=\"wp-block-image size-large\"><img loading=\"lazy\" width=\"1024\" height=\"768\" src=\"https:\/\/www.revistarescatados.com.ar\/web\/wp-content\/uploads\/2022\/09\/Juegos-Santafesinos-dpto-Vera-1024x768.jpeg\" alt=\"\" class=\"wp-image-18220\" srcset=\"https:\/\/www.revistarescatados.com.ar\/web\/wp-content\/uploads\/2022\/09\/Juegos-Santafesinos-dpto-Vera-1024x768.jpeg 1024w, https:\/\/www.revistarescatados.com.ar\/web\/wp-content\/uploads\/2022\/09\/Juegos-Santafesinos-dpto-Vera-300x225.jpeg 300w, https:\/\/www.revistarescatados.com.ar\/web\/wp-content\/uploads\/2022\/09\/Juegos-Santafesinos-dpto-Vera-768x576.jpeg 768w, https:\/\/www.revistarescatados.com.ar\/web\/wp-content\/uploads\/2022\/09\/Juegos-Santafesinos-dpto-Vera.jpeg 1280w\" sizes=\"(max-width: 1024px) 100vw, 1024px\" \/><\/figure>\n\n\n\n<p>Felicitaciones a todos los j\u00f3venes que participaron a lo largo de todas las instancias; muchas gracias a quienes acompa\u00f1aron con su trabajo para que ellos puedan tener la posibilidad de participar en las diferentes disciplinas. Agradecer tambi\u00e9n al Gobierno de la provincia por seguir fomentando esta pol\u00edtica p\u00fablica, que seguramente debe ser una de las m\u00e1s integradoras.<\/p>\n\n\n\n<p>El programa, que es implementado por el Ministerio de Desarrollo Social a trav\u00e9s de la Secretar\u00eda de Deportes y el Ministerio de Educaci\u00f3n mediante la direcci\u00f3n Provincial de Educaci\u00f3n F\u00edsica, en esta segunda gran Final Provincial tuvo las competencias de Atletismo Sub14, Atletismo Adaptado sub16 y sub18, F\u00fatbol 11 sub14, Futsal sub14 y sub16 femenino, B\u00e1squet 3\u00d73 sub14 y sub16, y V\u00f3ley sub17 en ambas ramas. En tanto, el primer gran encuentro masivo fue en Rosario los d\u00edas 14 y 15 de septiembre para Atletismo convencional sub 17 y Atletismo Adaptado Sub14 , Nataci\u00f3n Adaptada sub14, Handball sub16, Hockey y Cestoball sub14 y B\u00e1squet sub17, todas en femenino y masculino, y Futsal masculino sub14.<\/p>\n\n\n\n<p><strong>SUB14<\/strong><\/p>\n\n\n\n<p>CABRERA GUDI\u00d1O, IAN (VERA) 1RO 150MT<\/p>\n\n\n\n<p>3RO LANZAMIENTO DE BALA<\/p>\n\n\n\n<p><strong>SUB16<\/strong><\/p>\n\n\n\n<p>SULIGOY, GUILLERMO (CALCHAQU\u00cd)<\/p>\n\n\n\n<p>1RO SALTO EN LARGO<\/p>\n\n\n\n<p>2DO 150 MT<\/p>\n\n\n\n<p>VERGE, DANA (CALCHAQU\u00cd)<\/p>\n\n\n\n<p>1RO LANZAMIENTO DE BALA<\/p>\n\n\n\n<p>1RO 150MT<\/p>\n\n\n\n<p>SUB18<\/p>\n\n\n\n<p>MEDRAN, LUISINA (CALCHAQU\u00cd)<\/p>\n\n\n\n<p>1RO 200 MT<\/p>\n\n\n\n<p>3RO LANZAMIENTO DE BALA<\/p>\n\n\n\n<p>D\u00cdAS JOSIAS. (GARABATO). SALTO EN ALTO\u2026 3\u00b0 PUESTO<\/p>\n\n\n\n<p>CRIST\u00d3BAL NAGEL. 3\u00b0 PUESTO. HEXATLON Y ZANINI JOAQUIN 4\u00b0 HEXATLON.<\/p>\n\n\n\n<p>VALENTINA PUCHETA, (VERA). SALTO EN ALTO, 3\u00b0 ESC 440.<\/p>\n\n\n\n<p>SULIGOY GUILLERMO, (CALCHAQU\u00cd), 1\u00b0 EN SALTO EN LARGO Y 3 EN 150 LLANOS.<\/p>\n\n\n\n<p>D\u00cdAS JOSIAS. (GARABATO). SALTO EN ALTO\u2026 3\u00b0 PUESTO<\/p>\n\n\n\n<p>CRIST\u00d3BAL NAGEL. 3\u00b0 PUESTO. HEXATLON Y ZANINI JOAQUIN 4\u00b0 HEXATLON.<\/p>\n\n\n\n<p>VALENTINA PUCHETA, VERA. SALTO EN ALTO, 3.<\/p>\n\n\n\n<p>BRIAN GARC\u00cdA MARGARITA, 2\u00b0 PUESTO EN BALA Y 4\u00b0 EN 200 LLANOS<\/p>\n","protected":false},"excerpt":{"rendered":"<p>El senador Osvaldo Sosa felicit\u00f3 a los j\u00f3venes que participaron en la instancia provincial de los Juegos Santafesinos. Les agradeci\u00f3 profundamente por representarnos como departamento Vera, pero tambi\u00e9n como norte santafesino. Felicitaciones&#46;&#46;&#46;<\/p>\n","protected":false},"author":1,"featured_media":18220,"comment_status":"closed","ping_status":"closed","sticky":false,"template":"","format":"standard","meta":[],"categories":[3,17,16,8],"tags":[],"_links":{"self":[{"href":"https:\/\/www.revistarescatados.com.ar\/web\/wp-json\/wp\/v2\/posts\/18219"}],"collection":[{"href":"https:\/\/www.revistarescatados.com.ar\/web\/wp-json\/wp\/v2\/posts"}],"about":[{"href":"https:\/\/www.revistarescatados.com.ar\/web\/wp-json\/wp\/v2\/types\/post"}],"author":[{"embeddable":true,"href":"https:\/\/www.revistarescatados.com.ar\/web\/wp-json\/wp\/v2\/users\/1"}],"replies":[{"embeddable":true,"href":"https:\/\/www.revistarescatados.com.ar\/web\/wp-json\/wp\/v2\/comments?post=18219"}],"version-history":[{"count":1,"href":"https:\/\/www.revistarescatados.com.ar\/web\/wp-json\/wp\/v2\/posts\/18219\/revisions"}],"predecessor-version":[{"id":18221,"href":"https:\/\/www.revistarescatados.com.ar\/web\/wp-json\/wp\/v2\/posts\/18219\/revisions\/18221"}],"wp:featuredmedia":[{"embeddable":true,"href":"https:\/\/www.revistarescatados.com.ar\/web\/wp-json\/wp\/v2\/media\/18220"}],"wp:attachment":[{"href":"https:\/\/www.revistarescatados.com.ar\/web\/wp-json\/wp\/v2\/media?parent=18219"}],"wp:term":[{"taxonomy":"category","embeddable":true,"href":"https:\/\/www.revistarescatados.com.ar\/web\/wp-json\/wp\/v2\/categories?post=18219"},{"taxonomy":"post_tag","embeddable":true,"href":"https:\/\/www.revistarescatados.com.ar\/web\/wp-json\/wp\/v2\/tags?post=18219"}],"curies":[{"name":"wp","href":"https:\/\/api.w.org\/{rel}","templated":true}]}}