{"id":18224,"date":"2022-09-26T21:17:41","date_gmt":"2022-09-27T00:17:41","guid":{"rendered":"https:\/\/www.revistarescatados.com.ar\/web\/?p=18224"},"modified":"2022-09-26T21:17:45","modified_gmt":"2022-09-27T00:17:45","slug":"diversos-operativos-policiales-en-el-departamento-vera","status":"publish","type":"post","link":"https:\/\/www.revistarescatados.com.ar\/web\/2022\/09\/26\/diversos-operativos-policiales-en-el-departamento-vera\/","title":{"rendered":"Diversos operativos policiales en el departamento Vera"},"content":{"rendered":"\n<p><br><strong><span class=\"has-inline-color has-vivid-red-color\">Por orden del Jefe de URXIX de Vera durante fin de semana se realizaron diferentes operativos de control vehicular a los fines de incrementar la prevenci\u00f3n, seguridad y educaci\u00f3n vial en diferentes rutas que se hallan trazadas en el \u00e1mbito del departamento Vera.<\/span><\/strong><\/p>\n\n\n\n<figure class=\"wp-block-image size-large\"><img loading=\"lazy\" width=\"1024\" height=\"768\" src=\"https:\/\/www.revistarescatados.com.ar\/web\/wp-content\/uploads\/2022\/09\/policia-1024x768.jpg\" alt=\"\" class=\"wp-image-18225\" srcset=\"https:\/\/www.revistarescatados.com.ar\/web\/wp-content\/uploads\/2022\/09\/policia-1024x768.jpg 1024w, https:\/\/www.revistarescatados.com.ar\/web\/wp-content\/uploads\/2022\/09\/policia-300x225.jpg 300w, https:\/\/www.revistarescatados.com.ar\/web\/wp-content\/uploads\/2022\/09\/policia-768x576.jpg 768w, https:\/\/www.revistarescatados.com.ar\/web\/wp-content\/uploads\/2022\/09\/policia.jpg 1040w\" sizes=\"(max-width: 1024px) 100vw, 1024px\" \/><\/figure>\n\n\n\n<p>Los operativos fueron efectuados en distintos horarios asignados a las dependencias (comisarias, sub.comisarias, etc) mediante Orden Operacional, con conocimiento y autorizaci\u00f3n de la Jefatura de Polic\u00eda de la Provincia.<\/p>\n\n\n\n<p>Se llevaron  a cabo en intersecciones de zonas urbanas y suburbanas conforme a la diagramaci\u00f3n de la divisi\u00f3n operaciones Policiales URXIX.<\/p>\n\n\n\n<p> La funci\u00f3n del trabajo policial es prevenir, disuadir , desalentar y actuar ante cualquier tipo de conducta il\u00edcita y\/o contravenciones teniendo en cuenta los diferentes eventos que se realizaron en toda la regi\u00f3n (d\u00eda del estudiante; fiesta de la primavera, diversos encuentros deportivos, musicales etc).-<\/p>\n","protected":false},"excerpt":{"rendered":"<p>Por orden del Jefe de URXIX de Vera durante fin de semana se realizaron diferentes operativos de control vehicular a los fines de incrementar la prevenci\u00f3n, seguridad y educaci\u00f3n vial en diferentes&#46;&#46;&#46;<\/p>\n","protected":false},"author":1,"featured_media":18225,"comment_status":"closed","ping_status":"closed","sticky":false,"template":"","format":"standard","meta":[],"categories":[3,16,11],"tags":[],"_links":{"self":[{"href":"https:\/\/www.revistarescatados.com.ar\/web\/wp-json\/wp\/v2\/posts\/18224"}],"collection":[{"href":"https:\/\/www.revistarescatados.com.ar\/web\/wp-json\/wp\/v2\/posts"}],"about":[{"href":"https:\/\/www.revistarescatados.com.ar\/web\/wp-json\/wp\/v2\/types\/post"}],"author":[{"embeddable":true,"href":"https:\/\/www.revistarescatados.com.ar\/web\/wp-json\/wp\/v2\/users\/1"}],"replies":[{"embeddable":true,"href":"https:\/\/www.revistarescatados.com.ar\/web\/wp-json\/wp\/v2\/comments?post=18224"}],"version-history":[{"count":1,"href":"https:\/\/www.revistarescatados.com.ar\/web\/wp-json\/wp\/v2\/posts\/18224\/revisions"}],"predecessor-version":[{"id":18226,"href":"https:\/\/www.revistarescatados.com.ar\/web\/wp-json\/wp\/v2\/posts\/18224\/revisions\/18226"}],"wp:featuredmedia":[{"embeddable":true,"href":"https:\/\/www.revistarescatados.com.ar\/web\/wp-json\/wp\/v2\/media\/18225"}],"wp:attachment":[{"href":"https:\/\/www.revistarescatados.com.ar\/web\/wp-json\/wp\/v2\/media?parent=18224"}],"wp:term":[{"taxonomy":"category","embeddable":true,"href":"https:\/\/www.revistarescatados.com.ar\/web\/wp-json\/wp\/v2\/categories?post=18224"},{"taxonomy":"post_tag","embeddable":true,"href":"https:\/\/www.revistarescatados.com.ar\/web\/wp-json\/wp\/v2\/tags?post=18224"}],"curies":[{"name":"wp","href":"https:\/\/api.w.org\/{rel}","templated":true}]}}