{"id":18230,"date":"2022-09-26T22:08:30","date_gmt":"2022-09-27T01:08:30","guid":{"rendered":"https:\/\/www.revistarescatados.com.ar\/web\/?p=18230"},"modified":"2022-09-26T22:08:35","modified_gmt":"2022-09-27T01:08:35","slug":"ate-entrego-una-vivienda-en-vera","status":"publish","type":"post","link":"https:\/\/www.revistarescatados.com.ar\/web\/2022\/09\/26\/ate-entrego-una-vivienda-en-vera\/","title":{"rendered":"ATE entreg\u00f3 una vivienda en Vera"},"content":{"rendered":"\n<p><strong><span class=\"has-inline-color has-vivid-red-color\">La Asociaci\u00f3n de Trabajadores del Estado, delegaci\u00f3n Vera, hizo entrega de una flamante unidad habitacional a la trabajadora del hospital local &#8211; Carla Espinosa  &#8211; en la ciudad de Vera  dentro del programa ATE Vivienda y Refacci\u00f3n .<\/span><\/strong><\/p>\n\n\n\n<figure class=\"wp-block-image size-full\"><img loading=\"lazy\" width=\"800\" height=\"457\" src=\"https:\/\/www.revistarescatados.com.ar\/web\/wp-content\/uploads\/2022\/09\/ATE-entrega-Casa-en-Vera.jpg\" alt=\"\" class=\"wp-image-18231\" srcset=\"https:\/\/www.revistarescatados.com.ar\/web\/wp-content\/uploads\/2022\/09\/ATE-entrega-Casa-en-Vera.jpg 800w, https:\/\/www.revistarescatados.com.ar\/web\/wp-content\/uploads\/2022\/09\/ATE-entrega-Casa-en-Vera-300x171.jpg 300w, https:\/\/www.revistarescatados.com.ar\/web\/wp-content\/uploads\/2022\/09\/ATE-entrega-Casa-en-Vera-768x439.jpg 768w\" sizes=\"(max-width: 800px) 100vw, 800px\" \/><\/figure>\n\n\n\n<p>La afiliada, Carla Espinosa, trabajadora del Samco de Vera, recibi\u00f3 con mucha emoci\u00f3n este viernes 23 de septiembre, las llaves de su hogar junto a su familia.<\/p>\n\n\n\n<p>Participaron del acto, integrantes del Consejo Directivo Provincial, Adolfo Avallone secretario administrativo y Daniel Ponce, delegados\/as zonales y familiares de la afiliada.<\/p>\n\n\n\n<p>Cabe recordar que ya se lanz\u00f3 la edici\u00f3n 2022 del programa ATE Vivienda y Refacci\u00f3n. En esta edici\u00f3n se adjudicar\u00e1n 100 viviendas y 100 planes de refacci\u00f3n\/ampliaci\u00f3n para los afiliados\/as comprendidos\/as en la Ley 10.052 de Paritaria de la Administraci\u00f3n P\u00fablica y en la Ley 13.608, del personal del Tribunal de Cuentas.<\/p>\n\n\n\n<p>La inscripci\u00f3n se realiza haciendo click aqu\u00ed: <strong><a href=\"https:\/\/atesantafe.online\/ateviviendayrefaccion\/inicio.aspx\">https:\/\/atesantafe.online\/ateviviendayrefaccion\/inicio.aspx<\/a><\/strong><\/p>\n","protected":false},"excerpt":{"rendered":"<p>La Asociaci\u00f3n de Trabajadores del Estado, delegaci\u00f3n Vera, hizo entrega de una flamante unidad habitacional a la trabajadora del hospital local &#8211; Carla Espinosa &#8211; en la ciudad de Vera dentro del&#46;&#46;&#46;<\/p>\n","protected":false},"author":1,"featured_media":18231,"comment_status":"closed","ping_status":"closed","sticky":false,"template":"","format":"standard","meta":[],"categories":[3,16,10,8],"tags":[],"_links":{"self":[{"href":"https:\/\/www.revistarescatados.com.ar\/web\/wp-json\/wp\/v2\/posts\/18230"}],"collection":[{"href":"https:\/\/www.revistarescatados.com.ar\/web\/wp-json\/wp\/v2\/posts"}],"about":[{"href":"https:\/\/www.revistarescatados.com.ar\/web\/wp-json\/wp\/v2\/types\/post"}],"author":[{"embeddable":true,"href":"https:\/\/www.revistarescatados.com.ar\/web\/wp-json\/wp\/v2\/users\/1"}],"replies":[{"embeddable":true,"href":"https:\/\/www.revistarescatados.com.ar\/web\/wp-json\/wp\/v2\/comments?post=18230"}],"version-history":[{"count":1,"href":"https:\/\/www.revistarescatados.com.ar\/web\/wp-json\/wp\/v2\/posts\/18230\/revisions"}],"predecessor-version":[{"id":18232,"href":"https:\/\/www.revistarescatados.com.ar\/web\/wp-json\/wp\/v2\/posts\/18230\/revisions\/18232"}],"wp:featuredmedia":[{"embeddable":true,"href":"https:\/\/www.revistarescatados.com.ar\/web\/wp-json\/wp\/v2\/media\/18231"}],"wp:attachment":[{"href":"https:\/\/www.revistarescatados.com.ar\/web\/wp-json\/wp\/v2\/media?parent=18230"}],"wp:term":[{"taxonomy":"category","embeddable":true,"href":"https:\/\/www.revistarescatados.com.ar\/web\/wp-json\/wp\/v2\/categories?post=18230"},{"taxonomy":"post_tag","embeddable":true,"href":"https:\/\/www.revistarescatados.com.ar\/web\/wp-json\/wp\/v2\/tags?post=18230"}],"curies":[{"name":"wp","href":"https:\/\/api.w.org\/{rel}","templated":true}]}}