{"id":18237,"date":"2022-09-26T23:38:43","date_gmt":"2022-09-27T02:38:43","guid":{"rendered":"https:\/\/www.revistarescatados.com.ar\/web\/?p=18237"},"modified":"2022-09-26T23:38:46","modified_gmt":"2022-09-27T02:38:46","slug":"acto-de-colacion-del-instituto-66-de-calchaqui","status":"publish","type":"post","link":"https:\/\/www.revistarescatados.com.ar\/web\/2022\/09\/26\/acto-de-colacion-del-instituto-66-de-calchaqui\/","title":{"rendered":"Acto de colaci\u00f3n del Instituto 66 de Calchaqu\u00ed"},"content":{"rendered":"\n<p><br><strong><span class=\"has-inline-color has-vivid-red-color\">Este viernes en la ciudad de Calchaqu\u00ed, el senador provincial Osvaldo Sosa particip\u00f3 del acto de graduaci\u00f3n 2021 &#8211; 2022 de cuatro carreras del instituto de nivel terciario de gesti\u00f3n p\u00fablica.<\/span><\/strong><\/p>\n\n\n\n<figure class=\"wp-block-image size-large\"><img loading=\"lazy\" width=\"1024\" height=\"683\" src=\"https:\/\/www.revistarescatados.com.ar\/web\/wp-content\/uploads\/2022\/09\/Acto-de-colacion-ISP-66-1-1024x683.jpg\" alt=\"\" class=\"wp-image-18238\" srcset=\"https:\/\/www.revistarescatados.com.ar\/web\/wp-content\/uploads\/2022\/09\/Acto-de-colacion-ISP-66-1-1024x683.jpg 1024w, https:\/\/www.revistarescatados.com.ar\/web\/wp-content\/uploads\/2022\/09\/Acto-de-colacion-ISP-66-1-300x200.jpg 300w, https:\/\/www.revistarescatados.com.ar\/web\/wp-content\/uploads\/2022\/09\/Acto-de-colacion-ISP-66-1-768x512.jpg 768w, https:\/\/www.revistarescatados.com.ar\/web\/wp-content\/uploads\/2022\/09\/Acto-de-colacion-ISP-66-1.jpg 1124w\" sizes=\"(max-width: 1024px) 100vw, 1024px\" \/><\/figure>\n\n\n\n<p><br>Con egresados de todo la regi\u00f3n sur del departamento Vera (Vera, La Gallareta, Margarita y Calchaqu\u00ed), y egresados tambi\u00e9n del departamento San Justo, se coron\u00f3 la etapa final de 4 promociones de cuatros carreras diferentes.<\/p>\n\n\n\n<figure class=\"wp-block-image size-large\"><img loading=\"lazy\" width=\"1024\" height=\"683\" src=\"https:\/\/www.revistarescatados.com.ar\/web\/wp-content\/uploads\/2022\/09\/Acto-de-colacion-ISP-66-1024x683.jpg\" alt=\"\" class=\"wp-image-18239\" srcset=\"https:\/\/www.revistarescatados.com.ar\/web\/wp-content\/uploads\/2022\/09\/Acto-de-colacion-ISP-66-1024x683.jpg 1024w, https:\/\/www.revistarescatados.com.ar\/web\/wp-content\/uploads\/2022\/09\/Acto-de-colacion-ISP-66-300x200.jpg 300w, https:\/\/www.revistarescatados.com.ar\/web\/wp-content\/uploads\/2022\/09\/Acto-de-colacion-ISP-66-768x512.jpg 768w, https:\/\/www.revistarescatados.com.ar\/web\/wp-content\/uploads\/2022\/09\/Acto-de-colacion-ISP-66.jpg 1124w\" sizes=\"(max-width: 1024px) 100vw, 1024px\" \/><\/figure>\n\n\n\n<p><br>&#8220;Estas noticias, son las grandes y buenas noticias para nuestro departamento, pensando en una educaci\u00f3n con m\u00e1s y nuevas miradas, que nos permita mejorar cada d\u00eda la calidad educativa. Felicitaciones a todos los egresados, les deseo el mayor de los \u00e9xitos en esta nueva y desafiante etapa&#8221;, destac\u00f3 el legislador..<\/p>\n","protected":false},"excerpt":{"rendered":"<p>Este viernes en la ciudad de Calchaqu\u00ed, el senador provincial Osvaldo Sosa particip\u00f3 del acto de graduaci\u00f3n 2021 &#8211; 2022 de cuatro carreras del instituto de nivel terciario de gesti\u00f3n p\u00fablica. Con&#46;&#46;&#46;<\/p>\n","protected":false},"author":1,"featured_media":18238,"comment_status":"closed","ping_status":"closed","sticky":false,"template":"","format":"standard","meta":[],"categories":[2,3,16,15],"tags":[],"_links":{"self":[{"href":"https:\/\/www.revistarescatados.com.ar\/web\/wp-json\/wp\/v2\/posts\/18237"}],"collection":[{"href":"https:\/\/www.revistarescatados.com.ar\/web\/wp-json\/wp\/v2\/posts"}],"about":[{"href":"https:\/\/www.revistarescatados.com.ar\/web\/wp-json\/wp\/v2\/types\/post"}],"author":[{"embeddable":true,"href":"https:\/\/www.revistarescatados.com.ar\/web\/wp-json\/wp\/v2\/users\/1"}],"replies":[{"embeddable":true,"href":"https:\/\/www.revistarescatados.com.ar\/web\/wp-json\/wp\/v2\/comments?post=18237"}],"version-history":[{"count":1,"href":"https:\/\/www.revistarescatados.com.ar\/web\/wp-json\/wp\/v2\/posts\/18237\/revisions"}],"predecessor-version":[{"id":18240,"href":"https:\/\/www.revistarescatados.com.ar\/web\/wp-json\/wp\/v2\/posts\/18237\/revisions\/18240"}],"wp:featuredmedia":[{"embeddable":true,"href":"https:\/\/www.revistarescatados.com.ar\/web\/wp-json\/wp\/v2\/media\/18238"}],"wp:attachment":[{"href":"https:\/\/www.revistarescatados.com.ar\/web\/wp-json\/wp\/v2\/media?parent=18237"}],"wp:term":[{"taxonomy":"category","embeddable":true,"href":"https:\/\/www.revistarescatados.com.ar\/web\/wp-json\/wp\/v2\/categories?post=18237"},{"taxonomy":"post_tag","embeddable":true,"href":"https:\/\/www.revistarescatados.com.ar\/web\/wp-json\/wp\/v2\/tags?post=18237"}],"curies":[{"name":"wp","href":"https:\/\/api.w.org\/{rel}","templated":true}]}}