{"id":18255,"date":"2022-09-28T21:16:20","date_gmt":"2022-09-29T00:16:20","guid":{"rendered":"https:\/\/www.revistarescatados.com.ar\/web\/?p=18255"},"modified":"2022-09-28T21:17:45","modified_gmt":"2022-09-29T00:17:45","slug":"un-20-de-pacientes-de-calchaqui-con-cancer-de-mamas-fallecieron-en-la-ultima-decada","status":"publish","type":"post","link":"https:\/\/www.revistarescatados.com.ar\/web\/2022\/09\/28\/un-20-de-pacientes-de-calchaqui-con-cancer-de-mamas-fallecieron-en-la-ultima-decada\/","title":{"rendered":"Un 20% de pacientes con c\u00e1ncer de mam\u00e1s fallecieron en la \u00faltima d\u00e9cada de Calchaqu\u00ed"},"content":{"rendered":"\n<p><\/p>\n\n\n\n<p><strong><span class=\"has-inline-color has-vivid-red-color\">As\u00ed lo revela la estad\u00edstica elaborada por la Dra. Sandra Flores, con vistas a una charla de sensibilizaci\u00f3n y prevenci\u00f3n de la enfermedad. Tendr\u00e1 lugar este s\u00e1bado 1\u00ba de octubre a las 10 horas en el SUM de la Mutual Calchaqu\u00ed y es organizada por el Jard\u00edn de Infantes N\u00ba 360.<\/span><\/strong><\/p>\n\n\n\n<figure class=\"wp-block-image size-full\"><img loading=\"lazy\" width=\"640\" height=\"360\" src=\"https:\/\/www.revistarescatados.com.ar\/web\/wp-content\/uploads\/2022\/09\/entrevista-charla.jpg\" alt=\"\" class=\"wp-image-18256\" srcset=\"https:\/\/www.revistarescatados.com.ar\/web\/wp-content\/uploads\/2022\/09\/entrevista-charla.jpg 640w, https:\/\/www.revistarescatados.com.ar\/web\/wp-content\/uploads\/2022\/09\/entrevista-charla-300x169.jpg 300w\" sizes=\"(max-width: 640px) 100vw, 640px\" \/><\/figure>\n\n\n\n<p>En la \u00faltima edici\u00f3n del noticiero local Rescatados Teve, se comparti\u00f3 una entrevista con la directora del JIN N\u00ba 360 Alicia Patricelli y la Dra. Sandra Flores. All\u00ed se brindaron detalles de la charla abierta a la comunidad que se realizar\u00e1 este s\u00e1bado 1\u00ba de octubre, a las 10 horas en el sal\u00f3n de la Mutual Calchaqu\u00ed FC. En el evento gratuito disertar\u00e1n especialistas del Sanatorio Garay, como lo son la onc\u00f3loga Evangelina Saint Paul, el mast\u00f3logo Jos\u00e9 Pizzi y la psicoonc\u00f3loga Mar\u00eda Laura Fabrisin.<\/p>\n\n\n\n<p>La m\u00e9dica Sandra Flores, quien forma parte de un grupo de contenci\u00f3n para pacientes de c\u00e1ncer de mamas, indic\u00f3 que la enfermedad afecta principalmente a mujeres; aunque tambi\u00e9n se dio el caso en un var\u00f3n en nuestra ciudad. Destac\u00f3 la importancia de la prevenci\u00f3n y una detecci\u00f3n precoz, mediante la autoexploraci\u00f3n de las mam\u00e1s y sobre todo teniendo en cuenta la edad como antecedentes gen\u00e9ticos familiares.<\/p>\n\n\n\n<p>Indic\u00f3 que seg\u00fan una estad\u00edstica provisional, se registraron unos 40 casos \u2013 entre los a\u00f1os 2012 a 2022 \u2013 de los cuales 8 pacientes fallecieron por la enfermedad. Se da una mayor incidencia de casos fatales en aquellas pacientes que se trataron en el sistema de salud p\u00fablico.<\/p>\n\n\n\n<p><strong>VIDEO DEL PROGRAMA:<\/strong> (Click en el enlace)<\/p>\n\n\n\n<p><a href=\"https:\/\/www.facebook.com\/rescatados.calchaqui.5\/videos\/868693544511770\" target=\"_blank\" rel=\"noreferrer noopener\"><strong>https:\/\/www.facebook.com\/rescatados.calchaqui.5\/videos\/868693544511770<\/strong><\/a><\/p>\n\n\n\n\n\n<p><strong><span class=\"has-inline-color has-vivid-red-color\">19 de octubre: \u201cD\u00eda Internacional de lucha contra el C\u00e1ncer de Mama\u201d<\/span><\/strong><\/p>\n\n\n\n<p>Por iniciativa de la Organizaci\u00f3n Mundial de la Salud el 19 de octubre&nbsp; se celebra mundialmente el D\u00eda Internacional de lucha contra el&nbsp; C\u00e1ncer de Mama con el objetivo de crear conciencia y promover que cada&nbsp; vez m\u00e1s mujeres accedan a controles, diagn\u00f3sticos y tratamientos&nbsp; oportunos y efectivos.<\/p>\n\n\n\n<p>Se estima que 1 de cada 8 mujeres tendr\u00e1 c\u00e1ncer de mama a lo largo de su vida y esta es la raz\u00f3n principal de porque las mujeres deben realizarse una evaluaci\u00f3n regularmente de sus senos.<\/p>\n\n\n\n<p>La detecci\u00f3n precoz a fin de mejorar el pron\u00f3stico y la supervivencia de los casos de c\u00e1ncer de mama sigue siendo la piedra angular de la lucha contra este c\u00e1ncer.<\/p>\n","protected":false},"excerpt":{"rendered":"<p>As\u00ed lo revela la estad\u00edstica elaborada por la Dra. Sandra Flores, con vistas a una charla de sensibilizaci\u00f3n y prevenci\u00f3n de la enfermedad. Tendr\u00e1 lugar este s\u00e1bado 1\u00ba de octubre a las&#46;&#46;&#46;<\/p>\n","protected":false},"author":1,"featured_media":18256,"comment_status":"closed","ping_status":"closed","sticky":false,"template":"","format":"standard","meta":[],"categories":[2,3,16,10,9],"tags":[],"_links":{"self":[{"href":"https:\/\/www.revistarescatados.com.ar\/web\/wp-json\/wp\/v2\/posts\/18255"}],"collection":[{"href":"https:\/\/www.revistarescatados.com.ar\/web\/wp-json\/wp\/v2\/posts"}],"about":[{"href":"https:\/\/www.revistarescatados.com.ar\/web\/wp-json\/wp\/v2\/types\/post"}],"author":[{"embeddable":true,"href":"https:\/\/www.revistarescatados.com.ar\/web\/wp-json\/wp\/v2\/users\/1"}],"replies":[{"embeddable":true,"href":"https:\/\/www.revistarescatados.com.ar\/web\/wp-json\/wp\/v2\/comments?post=18255"}],"version-history":[{"count":2,"href":"https:\/\/www.revistarescatados.com.ar\/web\/wp-json\/wp\/v2\/posts\/18255\/revisions"}],"predecessor-version":[{"id":18258,"href":"https:\/\/www.revistarescatados.com.ar\/web\/wp-json\/wp\/v2\/posts\/18255\/revisions\/18258"}],"wp:featuredmedia":[{"embeddable":true,"href":"https:\/\/www.revistarescatados.com.ar\/web\/wp-json\/wp\/v2\/media\/18256"}],"wp:attachment":[{"href":"https:\/\/www.revistarescatados.com.ar\/web\/wp-json\/wp\/v2\/media?parent=18255"}],"wp:term":[{"taxonomy":"category","embeddable":true,"href":"https:\/\/www.revistarescatados.com.ar\/web\/wp-json\/wp\/v2\/categories?post=18255"},{"taxonomy":"post_tag","embeddable":true,"href":"https:\/\/www.revistarescatados.com.ar\/web\/wp-json\/wp\/v2\/tags?post=18255"}],"curies":[{"name":"wp","href":"https:\/\/api.w.org\/{rel}","templated":true}]}}