{"id":18330,"date":"2022-10-06T16:17:00","date_gmt":"2022-10-06T19:17:00","guid":{"rendered":"https:\/\/www.revistarescatados.com.ar\/web\/?p=18330"},"modified":"2022-10-06T16:21:38","modified_gmt":"2022-10-06T19:21:38","slug":"agostina-torres-participo-del-casting-canta-conmigo-ahora-en-santa-fe","status":"publish","type":"post","link":"https:\/\/www.revistarescatados.com.ar\/web\/2022\/10\/06\/agostina-torres-participo-del-casting-canta-conmigo-ahora-en-santa-fe\/","title":{"rendered":"Agostina Torres particip\u00f3 del casting \u201cCanta Conmigo Ahora\u201d en Santa Fe"},"content":{"rendered":"\n<p><\/p>\n\n\n\n<p><strong><span class=\"has-inline-color has-vivid-red-color\">La joven cantante de 22 a\u00f1os -oriunda de Calchaqu\u00ed- se present\u00f3 este jueves en la capital provincial para la segunda temporada del programa que conduce Marcelo Tinelli. Adem\u00e1s le hicieron una nota televisiva en un m\u00f3vil de Canal 9 Litoral.<\/span><\/strong><\/p>\n\n\n\n<figure class=\"wp-block-image size-full\"><img loading=\"lazy\" width=\"700\" height=\"391\" src=\"https:\/\/www.revistarescatados.com.ar\/web\/wp-content\/uploads\/2022\/10\/AGOSTINA-TORRES.jpg\" alt=\"\" class=\"wp-image-18331\" srcset=\"https:\/\/www.revistarescatados.com.ar\/web\/wp-content\/uploads\/2022\/10\/AGOSTINA-TORRES.jpg 700w, https:\/\/www.revistarescatados.com.ar\/web\/wp-content\/uploads\/2022\/10\/AGOSTINA-TORRES-300x168.jpg 300w\" sizes=\"(max-width: 700px) 100vw, 700px\" \/><\/figure>\n\n\n\n<p>El certamen de talentos Canta Conmigo Ahora tendr\u00e1 una segunda temporada y la producci\u00f3n est\u00e1 en busca de nuevos cantantes. Las audiciones se realizan en la sede de UPCN en Santa Fe, ubicada en Rivadavia al 2.527. Ser\u00e1n este jueves 6 y viernes 7 de octubre.<\/p>\n\n\n\n<p>Luego de presentarse ante la producci\u00f3n del programa, Agostina Torres pudo charlar con la cronista y contar que viaj\u00f3 junto a sus padres, luego de enterarse por una t\u00eda de esta oportunidad. Cont\u00f3 que canta desde los 6 a\u00f1os y agradeci\u00f3 a su profesor Ra\u00fal Burguener. Adem\u00e1s interpret\u00f3 puro talento la canci\u00f3n \u201cLa Malague\u00f1a\u201d e impresion\u00f3 a las conductoras del programa matutino.<\/p>\n\n\n\n<iframe loading=\"lazy\" src=\"https:\/\/www.facebook.com\/plugins\/video.php?height=420&#038;href=https%3A%2F%2Fwww.facebook.com%2Frescatados.calchaqui.5%2Fvideos%2F626347295692724%2F&#038;show_text=false&#038;width=560&#038;t=0\" width=\"560\" height=\"420\" style=\"border:none;overflow:hidden\" scrolling=\"no\" frameborder=\"0\" allowfullscreen=\"true\" allow=\"autoplay; clipboard-write; encrypted-media; picture-in-picture; web-share\" allowFullScreen=\"true\"><\/iframe>\n\n\n\n<p><strong><span class=\"has-inline-color has-vivid-red-color\">CASTING<\/span><\/strong><\/p>\n\n\n\n<p>Nazareno Caballero, productor de La Flia, coment\u00f3 que se vienen realizando castings en diferentes puntos del pa\u00eds para conseguir nuevos talentos para el certamen. &#8220;Generalmente, la gente ya est\u00e1 preparada para los castings pero si necesitan una ayuda, lo hacemos. Cada uno tiene su tiempo, no apuramos a nadie&#8221;, explic\u00f3.<\/p>\n\n\n\n<p>Las audiciones se realizan con un equipo de profesionales liderados por un coach, que va dirigiendo la prueba y brinda recomendaciones para tratar de lograr la mejor perfomance de cada artista. Los participantes pueden llevar una pista, cantar a capella o tambi\u00e9n presentarse con una guitarra o en d\u00faos vocales.<\/p>\n\n\n\n<p>Canta Conmigo Ahora fue el certamen elegido por Marcelo Tinelli para regresar a la televisi\u00f3n, luego de muchos a\u00f1os bajo el formato de Bailando por un Sue\u00f1o. Debido al \u00e9xito de la primera temporada, la producci\u00f3n comenz\u00f3 a preparar todo para una nueva edici\u00f3n en el 2023.<\/p>\n\n\n\n<p><strong><span class=\"has-inline-color has-vivid-red-color\">El formato de Canta Conmigo Ahora<\/span><\/strong><\/p>\n\n\n\n<p>Todas las noches Canta Conmigo Ahora es el gran show televisivo que se emite por la pantalla de Canal Nueve Litoral. Y a\u00fan siguen abiertas las inscripciones para realizar el casting virtual. La producci\u00f3n del nuevo formato te est\u00e1 buscando y todav\u00eda ten\u00e9s la oportunidad de ser parte.<\/p>\n\n\n\n<p>Los participantes se enfrentan a un panel de 100 jurados expertos de la m\u00fasica en todos sus g\u00e9neros y rubros musicales. El participante deber\u00e1 lograr que con su performance que Los 100 se paren, presionen un bot\u00f3n y canten con \u00e9l.<\/p>\n","protected":false},"excerpt":{"rendered":"<p>La joven cantante de 22 a\u00f1os -oriunda de Calchaqu\u00ed- se present\u00f3 este jueves en la capital provincial para la segunda temporada del programa que conduce Marcelo Tinelli. Adem\u00e1s le hicieron una nota&#46;&#46;&#46;<\/p>\n","protected":false},"author":1,"featured_media":18331,"comment_status":"closed","ping_status":"closed","sticky":false,"template":"","format":"standard","meta":[],"categories":[2,7,3,16,8],"tags":[],"_links":{"self":[{"href":"https:\/\/www.revistarescatados.com.ar\/web\/wp-json\/wp\/v2\/posts\/18330"}],"collection":[{"href":"https:\/\/www.revistarescatados.com.ar\/web\/wp-json\/wp\/v2\/posts"}],"about":[{"href":"https:\/\/www.revistarescatados.com.ar\/web\/wp-json\/wp\/v2\/types\/post"}],"author":[{"embeddable":true,"href":"https:\/\/www.revistarescatados.com.ar\/web\/wp-json\/wp\/v2\/users\/1"}],"replies":[{"embeddable":true,"href":"https:\/\/www.revistarescatados.com.ar\/web\/wp-json\/wp\/v2\/comments?post=18330"}],"version-history":[{"count":2,"href":"https:\/\/www.revistarescatados.com.ar\/web\/wp-json\/wp\/v2\/posts\/18330\/revisions"}],"predecessor-version":[{"id":18334,"href":"https:\/\/www.revistarescatados.com.ar\/web\/wp-json\/wp\/v2\/posts\/18330\/revisions\/18334"}],"wp:featuredmedia":[{"embeddable":true,"href":"https:\/\/www.revistarescatados.com.ar\/web\/wp-json\/wp\/v2\/media\/18331"}],"wp:attachment":[{"href":"https:\/\/www.revistarescatados.com.ar\/web\/wp-json\/wp\/v2\/media?parent=18330"}],"wp:term":[{"taxonomy":"category","embeddable":true,"href":"https:\/\/www.revistarescatados.com.ar\/web\/wp-json\/wp\/v2\/categories?post=18330"},{"taxonomy":"post_tag","embeddable":true,"href":"https:\/\/www.revistarescatados.com.ar\/web\/wp-json\/wp\/v2\/tags?post=18330"}],"curies":[{"name":"wp","href":"https:\/\/api.w.org\/{rel}","templated":true}]}}