{"id":18345,"date":"2022-10-12T00:21:47","date_gmt":"2022-10-12T03:21:47","guid":{"rendered":"https:\/\/www.revistarescatados.com.ar\/web\/?p=18345"},"modified":"2022-10-12T00:21:53","modified_gmt":"2022-10-12T03:21:53","slug":"calchaqui-tiene-al-subcampeon-del-torneo-de-gurises-asadores-entrerriano","status":"publish","type":"post","link":"https:\/\/www.revistarescatados.com.ar\/web\/2022\/10\/12\/calchaqui-tiene-al-subcampeon-del-torneo-de-gurises-asadores-entrerriano\/","title":{"rendered":"Calchaqu\u00ed tiene al subcampe\u00f3n del torneo de gurises asadores entrerriano"},"content":{"rendered":"\n<p><\/p>\n\n\n\n<p><strong><span class=\"has-inline-color has-vivid-red-color\">Lautaro Figueroa de 13 a\u00f1os \u00a0sum\u00f3\u00a0 139 puntos con su costillar asado a la estaca y\u00a0 logr\u00f3 el segundo puesto entre 17 equipos en el Torneo entrerriano de Gurises asadores realizado en la localidad de Victoria.<\/span><\/strong><\/p>\n\n\n\n<figure class=\"wp-block-image size-full\"><img loading=\"lazy\" width=\"640\" height=\"360\" src=\"https:\/\/www.revistarescatados.com.ar\/web\/wp-content\/uploads\/2022\/10\/Entrevista-Lautaro.jpg\" alt=\"\" class=\"wp-image-18346\" srcset=\"https:\/\/www.revistarescatados.com.ar\/web\/wp-content\/uploads\/2022\/10\/Entrevista-Lautaro.jpg 640w, https:\/\/www.revistarescatados.com.ar\/web\/wp-content\/uploads\/2022\/10\/Entrevista-Lautaro-300x169.jpg 300w\" sizes=\"(max-width: 640px) 100vw, 640px\" \/><\/figure>\n\n\n\n<p>En certamen realizado el s\u00e1bado 8 de octubre hizo dupla con su pap\u00e1 Juan Figueroa, representando a la Agrupaci\u00f3n Gaucha &#8221; El Manolo&#8221;, &nbsp;con quien ya hab\u00eda obtenido el tercer puesto en un certamen de asado a la estaca en Recreo.<\/p>\n\n\n\n<p>En el programa televisivo Rescatados TeVe, cont\u00f3 los detalles de su participaci\u00f3n en el torneo. En el siguiente link podes ver la entrevista:<\/p>\n\n\n\n<p><strong><a href=\"https:\/\/fb.watch\/g5W-iJM9nB\/\" target=\"_blank\" rel=\"noreferrer noopener\">https:\/\/fb.watch\/g5W-iJM9nB\/<\/a><\/strong><\/p>\n\n\n\n<p>Con entrada libre y gratuita, se llev\u00f3 a cabo el \u201cTorneo Entrerriano de Gurises Asadores\u201d en el predio del Complejo UTRICA de Victoria, que congreg\u00f3 a diferentes participantes. El encuentro inclusivo y recreativo, coordinado por el equipo que conforma la \u201cDelegaci\u00f3n Entrerriana de Asadores y Asadoras\u201d, permiti\u00f3 que se disfrutara de una grata jornada, donde todos fueron ganadores.<\/p>\n\n\n\n<figure class=\"wp-block-image size-full\"><img loading=\"lazy\" width=\"960\" height=\"771\" src=\"https:\/\/www.revistarescatados.com.ar\/web\/wp-content\/uploads\/2022\/10\/Lautaro-Figueroa.jpg\" alt=\"\" class=\"wp-image-18347\" srcset=\"https:\/\/www.revistarescatados.com.ar\/web\/wp-content\/uploads\/2022\/10\/Lautaro-Figueroa.jpg 960w, https:\/\/www.revistarescatados.com.ar\/web\/wp-content\/uploads\/2022\/10\/Lautaro-Figueroa-300x241.jpg 300w, https:\/\/www.revistarescatados.com.ar\/web\/wp-content\/uploads\/2022\/10\/Lautaro-Figueroa-768x617.jpg 768w\" sizes=\"(max-width: 960px) 100vw, 960px\" \/><\/figure>\n\n\n\n<p>De igual manera se destacaron y recibieron reconocimientos en el primer lugar Juan Sim\u00f3n Grasiani Vivanco; el segundo puesto para Lautaro Figueroa y la tercera posici\u00f3n para Heraclio Pereira.<\/p>\n\n\n\n<p>El grupo organizador hizo una menci\u00f3n especial para las familias e instituciones que acompa\u00f1aron y apoyaron este certamen que marca un hito, tanto a nivel regional, provincial como nacional.<\/p>\n","protected":false},"excerpt":{"rendered":"<p>Lautaro Figueroa de 13 a\u00f1os \u00a0sum\u00f3\u00a0 139 puntos con su costillar asado a la estaca y\u00a0 logr\u00f3 el segundo puesto entre 17 equipos en el Torneo entrerriano de Gurises asadores realizado en&#46;&#46;&#46;<\/p>\n","protected":false},"author":1,"featured_media":18346,"comment_status":"closed","ping_status":"closed","sticky":false,"template":"","format":"standard","meta":[],"categories":[2,3,16,8],"tags":[],"_links":{"self":[{"href":"https:\/\/www.revistarescatados.com.ar\/web\/wp-json\/wp\/v2\/posts\/18345"}],"collection":[{"href":"https:\/\/www.revistarescatados.com.ar\/web\/wp-json\/wp\/v2\/posts"}],"about":[{"href":"https:\/\/www.revistarescatados.com.ar\/web\/wp-json\/wp\/v2\/types\/post"}],"author":[{"embeddable":true,"href":"https:\/\/www.revistarescatados.com.ar\/web\/wp-json\/wp\/v2\/users\/1"}],"replies":[{"embeddable":true,"href":"https:\/\/www.revistarescatados.com.ar\/web\/wp-json\/wp\/v2\/comments?post=18345"}],"version-history":[{"count":1,"href":"https:\/\/www.revistarescatados.com.ar\/web\/wp-json\/wp\/v2\/posts\/18345\/revisions"}],"predecessor-version":[{"id":18348,"href":"https:\/\/www.revistarescatados.com.ar\/web\/wp-json\/wp\/v2\/posts\/18345\/revisions\/18348"}],"wp:featuredmedia":[{"embeddable":true,"href":"https:\/\/www.revistarescatados.com.ar\/web\/wp-json\/wp\/v2\/media\/18346"}],"wp:attachment":[{"href":"https:\/\/www.revistarescatados.com.ar\/web\/wp-json\/wp\/v2\/media?parent=18345"}],"wp:term":[{"taxonomy":"category","embeddable":true,"href":"https:\/\/www.revistarescatados.com.ar\/web\/wp-json\/wp\/v2\/categories?post=18345"},{"taxonomy":"post_tag","embeddable":true,"href":"https:\/\/www.revistarescatados.com.ar\/web\/wp-json\/wp\/v2\/tags?post=18345"}],"curies":[{"name":"wp","href":"https:\/\/api.w.org\/{rel}","templated":true}]}}