{"id":18349,"date":"2022-10-12T00:24:02","date_gmt":"2022-10-12T03:24:02","guid":{"rendered":"https:\/\/www.revistarescatados.com.ar\/web\/?p=18349"},"modified":"2022-10-12T00:36:17","modified_gmt":"2022-10-12T03:36:17","slug":"piden-ayuda-para-una-mujer-con-un-carcinoma-de-mama-en-calchaqui","status":"publish","type":"post","link":"https:\/\/www.revistarescatados.com.ar\/web\/2022\/10\/12\/piden-ayuda-para-una-mujer-con-un-carcinoma-de-mama-en-calchaqui\/","title":{"rendered":"Piden ayuda para una mujer con un carcinoma de mama en Calchaqu\u00ed"},"content":{"rendered":"\n<p><\/p>\n\n\n\n<p><strong><span class=\"has-inline-color has-vivid-red-color\">Desde hace casi tres a\u00f1os Margarita Zorat de 58 a\u00f1os est\u00e1 en tratamiento por esta dolorosa enfermedad. Organizan una colecta solidaria para que pueda asistir a turnos oncol\u00f3gicos&nbsp; en Santa Fe.<\/span><\/strong><\/p>\n\n\n\n<figure class=\"wp-block-image size-full\"><img loading=\"lazy\" width=\"641\" height=\"669\" src=\"https:\/\/www.revistarescatados.com.ar\/web\/wp-content\/uploads\/2022\/10\/Margarita-Zorat.jpg\" alt=\"\" class=\"wp-image-18350\" srcset=\"https:\/\/www.revistarescatados.com.ar\/web\/wp-content\/uploads\/2022\/10\/Margarita-Zorat.jpg 641w, https:\/\/www.revistarescatados.com.ar\/web\/wp-content\/uploads\/2022\/10\/Margarita-Zorat-287x300.jpg 287w\" sizes=\"(max-width: 641px) 100vw, 641px\" \/><\/figure>\n\n\n\n<p>Junto a su esposo Antonio y su hijo Mart\u00edn, nos cont\u00f3 los padecimientos en su salud que comenzaron cuando el aspa de un ventilador golpe\u00f3 su mama izquierda hace tres a\u00f1os. Adem\u00e1s de la herida que puede observarse a simple vista, ya que &nbsp;est\u00e1 abierta y supura; tiene el cuello y su brazo inflamado, la mano hinchada. Hace noches que no puede dormir.<\/p>\n\n\n\n<p>Seg\u00fan cuenta, <strong>en sus asiduas visitas &nbsp;m\u00e9dicas solo recibe ibuprofeno y calmantes<\/strong>.&nbsp; \u201cLa nalga es un colador, con tantas inyecciones\u201d, agrega.<\/p>\n\n\n\n<p>Muestra una carpeta con ex\u00e1menes m\u00e9dicos como tomograf\u00eda, ecocardiograma doppler, laboratorio y ateneo oncol\u00f3gico. Algunos fechados en el a\u00f1o 2020 y otros a finales del a\u00f1o pasado.<\/p>\n\n\n\n<p><strong>El diagn\u00f3stico es carcinoma de mama izquierda T3 N1 M0<\/strong>. Ello significa que el tumor mide m\u00e1s de 50 mm, el c\u00e1ncer se ha diseminado a un n\u00famero de 1 a 3 ganglios linf\u00e1ticos axilares y la enfermedad no ha hecho met\u00e1stasis.<\/p>\n\n\n\n<p><strong>Fue derivada al servicio de oncolog\u00eda para neoadyuvancia<\/strong> (El tratamiento que se administra como primer paso para reducir el tama\u00f1o del tumor antes del tratamiento principal que generalmente consiste en cirug\u00eda).<\/p>\n\n\n\n<figure class=\"wp-block-image size-large\"><img loading=\"lazy\" width=\"1024\" height=\"577\" src=\"https:\/\/www.revistarescatados.com.ar\/web\/wp-content\/uploads\/2022\/10\/Turno-1024x577.jpg\" alt=\"\" class=\"wp-image-18351\" srcset=\"https:\/\/www.revistarescatados.com.ar\/web\/wp-content\/uploads\/2022\/10\/Turno-1024x577.jpg 1024w, https:\/\/www.revistarescatados.com.ar\/web\/wp-content\/uploads\/2022\/10\/Turno-300x169.jpg 300w, https:\/\/www.revistarescatados.com.ar\/web\/wp-content\/uploads\/2022\/10\/Turno-768x432.jpg 768w, https:\/\/www.revistarescatados.com.ar\/web\/wp-content\/uploads\/2022\/10\/Turno.jpg 1156w\" sizes=\"(max-width: 1024px) 100vw, 1024px\" \/><\/figure>\n\n\n\n<p><strong>Tiene un turno para el servicio de mastolog\u00eda en el CEMAFE<\/strong>, a cargo del Dr. Jos\u00e9 Pizzi, para el d\u00eda 9 de noviembre a las 9:30 horas.<\/p>\n\n\n\n<p>Ella vive en una humilde casa del barrio San Jos\u00e9, en la esquina de las calles Dorrego e Ituzaing\u00f3. Tiene 58 a\u00f1os. Es diab\u00e9tica. Subsiste gracias a una pensi\u00f3n social nacional, ya que es madre de 8 hijos, 4 varones y 4 mujeres. No tiene obra social. Su mayor sost\u00e9n econ\u00f3mico surge de la recolecci\u00f3n de cart\u00f3n y otros elementos desechados en la ciudad.<\/p>\n\n\n\n<p>Por ello, su hijo Mart\u00edn inici\u00f3 una campa\u00f1a solidaria para que Margarita pueda viajar a Santa Fe y as\u00ed ayudar a los gastos m\u00e9dicos. <strong>Quienes deseen colaborar&nbsp; pueden comunicarse al tel\u00e9fono (3483) 486875 o bien acercarse al domicilio en Dorrego 907 de Calchaqu\u00ed.<\/strong><\/p>\n","protected":false},"excerpt":{"rendered":"<p>Desde hace casi tres a\u00f1os Margarita Zorat de 58 a\u00f1os est\u00e1 en tratamiento por esta dolorosa enfermedad. Organizan una colecta solidaria para que pueda asistir a turnos oncol\u00f3gicos&nbsp; en Santa Fe. Junto&#46;&#46;&#46;<\/p>\n","protected":false},"author":1,"featured_media":18353,"comment_status":"closed","ping_status":"closed","sticky":false,"template":"","format":"standard","meta":[],"categories":[2,3,16,9,8],"tags":[],"_links":{"self":[{"href":"https:\/\/www.revistarescatados.com.ar\/web\/wp-json\/wp\/v2\/posts\/18349"}],"collection":[{"href":"https:\/\/www.revistarescatados.com.ar\/web\/wp-json\/wp\/v2\/posts"}],"about":[{"href":"https:\/\/www.revistarescatados.com.ar\/web\/wp-json\/wp\/v2\/types\/post"}],"author":[{"embeddable":true,"href":"https:\/\/www.revistarescatados.com.ar\/web\/wp-json\/wp\/v2\/users\/1"}],"replies":[{"embeddable":true,"href":"https:\/\/www.revistarescatados.com.ar\/web\/wp-json\/wp\/v2\/comments?post=18349"}],"version-history":[{"count":2,"href":"https:\/\/www.revistarescatados.com.ar\/web\/wp-json\/wp\/v2\/posts\/18349\/revisions"}],"predecessor-version":[{"id":18354,"href":"https:\/\/www.revistarescatados.com.ar\/web\/wp-json\/wp\/v2\/posts\/18349\/revisions\/18354"}],"wp:featuredmedia":[{"embeddable":true,"href":"https:\/\/www.revistarescatados.com.ar\/web\/wp-json\/wp\/v2\/media\/18353"}],"wp:attachment":[{"href":"https:\/\/www.revistarescatados.com.ar\/web\/wp-json\/wp\/v2\/media?parent=18349"}],"wp:term":[{"taxonomy":"category","embeddable":true,"href":"https:\/\/www.revistarescatados.com.ar\/web\/wp-json\/wp\/v2\/categories?post=18349"},{"taxonomy":"post_tag","embeddable":true,"href":"https:\/\/www.revistarescatados.com.ar\/web\/wp-json\/wp\/v2\/tags?post=18349"}],"curies":[{"name":"wp","href":"https:\/\/api.w.org\/{rel}","templated":true}]}}