{"id":18358,"date":"2022-10-13T00:03:03","date_gmt":"2022-10-13T03:03:03","guid":{"rendered":"https:\/\/www.revistarescatados.com.ar\/web\/?p=18358"},"modified":"2022-10-13T00:03:08","modified_gmt":"2022-10-13T03:03:08","slug":"ventiun-mujeres-se-capacitaron-en-dos-cursos-de-la-oficina-de-empleo-municipal-de-calchaqui","status":"publish","type":"post","link":"https:\/\/www.revistarescatados.com.ar\/web\/2022\/10\/13\/ventiun-mujeres-se-capacitaron-en-dos-cursos-de-la-oficina-de-empleo-municipal-de-calchaqui\/","title":{"rendered":"Venti\u00fan mujeres se capacitaron en dos cursos de la Oficina de Empleo Municipal de Calchaqu\u00ed"},"content":{"rendered":"\n<p><strong><span class=\"has-inline-color has-vivid-red-color\">En el Curso de Atenci\u00f3n al Cliente y Ventas del programa \u201cFuturas\u201d se capacitaron 14 j\u00f3venes. Mientras que fueron 7 las que culminaron la formaci\u00f3n en   Cuidado y Atenci\u00f3n de Ni\u00f1os y Ni\u00f1as. <\/span><\/strong><\/p>\n\n\n\n<figure class=\"wp-block-image size-full\"><img loading=\"lazy\" width=\"686\" height=\"368\" src=\"https:\/\/www.revistarescatados.com.ar\/web\/wp-content\/uploads\/2022\/10\/Curso-ventas.jpg\" alt=\"\" class=\"wp-image-18359\" srcset=\"https:\/\/www.revistarescatados.com.ar\/web\/wp-content\/uploads\/2022\/10\/Curso-ventas.jpg 686w, https:\/\/www.revistarescatados.com.ar\/web\/wp-content\/uploads\/2022\/10\/Curso-ventas-300x161.jpg 300w\" sizes=\"(max-width: 686px) 100vw, 686px\" \/><\/figure>\n\n\n\n<p><br>14 j\u00f3venes de nuestra localidad participaron de esta capacitaci\u00f3n dentro del marco del programa \u201cFuturas\u201d. Su objetivo es mejorar la empleabilidad de mujeres j\u00f3venes, entre 18 y 30 a\u00f1os, en situaci\u00f3n de desocupaci\u00f3n y con estudios secundarios completos. <\/p>\n\n\n\n<p><strong> Cuidado y Atenci\u00f3n de Ni\u00f1os y Ni\u00f1as <\/strong><\/p>\n\n\n\n<p>7 j\u00f3venes de nuestra localidad, interesadas en desarrollar competencias laborales requeridas para el cuidado y la atenci\u00f3n de ni\u00f1os y ni\u00f1as, participaron de este curso bimodal para formarse como trabajadoras . <\/p>\n\n\n\n<figure class=\"wp-block-image size-large\"><img loading=\"lazy\" width=\"1024\" height=\"624\" src=\"https:\/\/www.revistarescatados.com.ar\/web\/wp-content\/uploads\/2022\/10\/Curso-cuidado-de-ninos-1024x624.jpg\" alt=\"\" class=\"wp-image-18360\" srcset=\"https:\/\/www.revistarescatados.com.ar\/web\/wp-content\/uploads\/2022\/10\/Curso-cuidado-de-ninos-1024x624.jpg 1024w, https:\/\/www.revistarescatados.com.ar\/web\/wp-content\/uploads\/2022\/10\/Curso-cuidado-de-ninos-300x183.jpg 300w, https:\/\/www.revistarescatados.com.ar\/web\/wp-content\/uploads\/2022\/10\/Curso-cuidado-de-ninos-768x468.jpg 768w, https:\/\/www.revistarescatados.com.ar\/web\/wp-content\/uploads\/2022\/10\/Curso-cuidado-de-ninos.jpg 1279w\" sizes=\"(max-width: 1024px) 100vw, 1024px\" \/><\/figure>\n\n\n\n<p>Esta capacitaci\u00f3n laboral se desarroll\u00f3 dentro del marco del programa Santa Fe Capacita  con el objetivo de brindar herramientas a quienes buscan un nuevo empleo o para quienes ya se en encuentran trabajando y desean incorporar nuevas competencias y\/o saberes.<\/p>\n","protected":false},"excerpt":{"rendered":"<p>En el Curso de Atenci\u00f3n al Cliente y Ventas del programa \u201cFuturas\u201d se capacitaron 14 j\u00f3venes. Mientras que fueron 7 las que culminaron la formaci\u00f3n en Cuidado y Atenci\u00f3n de Ni\u00f1os y&#46;&#46;&#46;<\/p>\n","protected":false},"author":1,"featured_media":18360,"comment_status":"closed","ping_status":"closed","sticky":false,"template":"","format":"standard","meta":[],"categories":[2,3,16,8],"tags":[],"_links":{"self":[{"href":"https:\/\/www.revistarescatados.com.ar\/web\/wp-json\/wp\/v2\/posts\/18358"}],"collection":[{"href":"https:\/\/www.revistarescatados.com.ar\/web\/wp-json\/wp\/v2\/posts"}],"about":[{"href":"https:\/\/www.revistarescatados.com.ar\/web\/wp-json\/wp\/v2\/types\/post"}],"author":[{"embeddable":true,"href":"https:\/\/www.revistarescatados.com.ar\/web\/wp-json\/wp\/v2\/users\/1"}],"replies":[{"embeddable":true,"href":"https:\/\/www.revistarescatados.com.ar\/web\/wp-json\/wp\/v2\/comments?post=18358"}],"version-history":[{"count":1,"href":"https:\/\/www.revistarescatados.com.ar\/web\/wp-json\/wp\/v2\/posts\/18358\/revisions"}],"predecessor-version":[{"id":18361,"href":"https:\/\/www.revistarescatados.com.ar\/web\/wp-json\/wp\/v2\/posts\/18358\/revisions\/18361"}],"wp:featuredmedia":[{"embeddable":true,"href":"https:\/\/www.revistarescatados.com.ar\/web\/wp-json\/wp\/v2\/media\/18360"}],"wp:attachment":[{"href":"https:\/\/www.revistarescatados.com.ar\/web\/wp-json\/wp\/v2\/media?parent=18358"}],"wp:term":[{"taxonomy":"category","embeddable":true,"href":"https:\/\/www.revistarescatados.com.ar\/web\/wp-json\/wp\/v2\/categories?post=18358"},{"taxonomy":"post_tag","embeddable":true,"href":"https:\/\/www.revistarescatados.com.ar\/web\/wp-json\/wp\/v2\/tags?post=18358"}],"curies":[{"name":"wp","href":"https:\/\/api.w.org\/{rel}","templated":true}]}}