{"id":1839,"date":"2018-09-05T14:26:21","date_gmt":"2018-09-05T17:26:21","guid":{"rendered":"http:\/\/www.revistarescatados.com.ar\/web\/?p=1839"},"modified":"2018-09-05T14:28:48","modified_gmt":"2018-09-05T17:28:48","slug":"encuentro-nacional-de-estrellas-amarillas-en-calchaqui-2","status":"publish","type":"post","link":"https:\/\/www.revistarescatados.com.ar\/web\/2018\/09\/05\/encuentro-nacional-de-estrellas-amarillas-en-calchaqui-2\/","title":{"rendered":"Encuentro nacional de Estrellas Amarillas en Calchaqu\u00ed"},"content":{"rendered":"<p><img loading=\"lazy\" class=\"aligncenter size-full wp-image-1835\" src=\"http:\/\/www.revistarescatados.com.ar\/web\/wp-content\/uploads\/2018\/09\/Monolito-estrellas-amarillas.jpg\" alt=\"\" width=\"1012\" height=\"574\" srcset=\"https:\/\/www.revistarescatados.com.ar\/web\/wp-content\/uploads\/2018\/09\/Monolito-estrellas-amarillas.jpg 1012w, https:\/\/www.revistarescatados.com.ar\/web\/wp-content\/uploads\/2018\/09\/Monolito-estrellas-amarillas-300x170.jpg 300w, https:\/\/www.revistarescatados.com.ar\/web\/wp-content\/uploads\/2018\/09\/Monolito-estrellas-amarillas-768x436.jpg 768w\" sizes=\"(max-width: 1012px) 100vw, 1012px\" \/><\/p>\n<p><span style=\"color: #0000ff;\"><strong>El evento organizado por el grupo local se realizar\u00e1 los d\u00edas 14, 15 y 16 de septiembre. Las actividades est\u00e1n programadas en la sede de Asoem, el anfiteatro municipal y el monolito ubicado a la vera de la ruta 11. <\/strong><\/span><\/p>\n<p>Aqu\u00ed compartimos el programa completo:<\/p>\n<p><span style=\"color: #0000ff;\"><strong>VIERNES 14 DE SEPTIEMBRE: ACTO\u00a0 PROTOCOLAR<\/strong><\/span><\/p>\n<p>Hora: 19 \u2013 Sede Asociaci\u00f3n de Empleados Municipales (Moreno 1040).<\/p>\n<p>*Palabras de Julio Ambrosio &#8211;\u00a0 Pte. De la Fundaci\u00f3n<\/p>\n<p>*Palabras de autoridades presentes<\/p>\n<p>*Entrega de presentes a las autoridades.<\/p>\n<p>*Presentaci\u00f3n de Artistas locales.<\/p>\n<p><span style=\"color: #0000ff;\"><strong>SABADO 15\u00a0 DE SEPTIEMBRE: ACTIVIDADES<\/strong><\/span><\/p>\n<p>9 Hs: Acreditaci\u00f3n \u2013 Sede Asociaci\u00f3n de Empleados Municipales (Moreno 1040).<\/p>\n<p>9,30 Hs: Presentaci\u00f3n de los Grupos<\/p>\n<p><strong>10,15 Hs: Jornada V.E.S. (Voluntario en Emergencias Sanitarias)- Depto de Capacitaciones- Subsecretar\u00eda de Emergencia y Traslado\u00a0 &#8211; Ministerio de Salud de la Provincia de Santa Fe.<\/strong><\/p>\n<p>12,30 Hs: Break<\/p>\n<p><strong>14 hs: Disertaci\u00f3n Alcohol y Drogas \u2013 T\u00e9cnico Superior en Seguridad P\u00fablica y Privada &#8211; Dar\u00edo Aguirre <\/strong><\/p>\n<p>15,30 Hs: Esparcimiento<\/p>\n<p><strong>16 Hs: Taller: \u201cAprender a convivir con una p\u00e9rdida\u201d \u2013 Grupo Renacer Libertad<\/strong><\/p>\n<p>17,30 Hs: Esparcimiento<\/p>\n<p><strong>18 Hs: Taller : \u201cInteligencia Emocional\/Conciencia Vial\u201d \u2013 Couch Internacional Claudia de la Fuente.<\/strong><\/p>\n<p>20 Hs: Finalizaci\u00f3n.<\/p>\n<p><strong>21,30 Hs: Pe\u00f1a con M\u00fasicos Locales y Paseo de Artesanos en el Anfiteatro Municipal.<\/strong><\/p>\n<p><span style=\"color: #0000ff;\"><strong>DOMINGO 16 DE SEPTIEMBRE: CIERRE DEL ENCUENTRO<\/strong><\/span><\/p>\n<p>9 Hs: Encuentro en Ruta 11- Repintada de estrellas amarillas<\/p>\n<p>11,00 Hs: Monolito de Estrellas Amarillas<\/p>\n<p>*Palabras del Cura P\u00e1rroco<\/p>\n<p>*Palabras de agradecimiento del grupo anfitri\u00f3n<\/p>\n<p>* Suelta de globos<\/p>\n<p>*Entrega de plantines.<\/p>\n<p>Finalizaci\u00f3n del Encuentro.<\/p>\n","protected":false},"excerpt":{"rendered":"<p>El evento organizado por el grupo local se realizar\u00e1 los d\u00edas 14, 15 y 16 de septiembre. Las actividades est\u00e1n programadas en la sede de Asoem, el anfiteatro municipal y el monolito&#46;&#46;&#46;<\/p>\n","protected":false},"author":1,"featured_media":1835,"comment_status":"closed","ping_status":"open","sticky":false,"template":"","format":"standard","meta":[],"categories":[2,3,16,10],"tags":[],"_links":{"self":[{"href":"https:\/\/www.revistarescatados.com.ar\/web\/wp-json\/wp\/v2\/posts\/1839"}],"collection":[{"href":"https:\/\/www.revistarescatados.com.ar\/web\/wp-json\/wp\/v2\/posts"}],"about":[{"href":"https:\/\/www.revistarescatados.com.ar\/web\/wp-json\/wp\/v2\/types\/post"}],"author":[{"embeddable":true,"href":"https:\/\/www.revistarescatados.com.ar\/web\/wp-json\/wp\/v2\/users\/1"}],"replies":[{"embeddable":true,"href":"https:\/\/www.revistarescatados.com.ar\/web\/wp-json\/wp\/v2\/comments?post=1839"}],"version-history":[{"count":1,"href":"https:\/\/www.revistarescatados.com.ar\/web\/wp-json\/wp\/v2\/posts\/1839\/revisions"}],"predecessor-version":[{"id":1840,"href":"https:\/\/www.revistarescatados.com.ar\/web\/wp-json\/wp\/v2\/posts\/1839\/revisions\/1840"}],"wp:featuredmedia":[{"embeddable":true,"href":"https:\/\/www.revistarescatados.com.ar\/web\/wp-json\/wp\/v2\/media\/1835"}],"wp:attachment":[{"href":"https:\/\/www.revistarescatados.com.ar\/web\/wp-json\/wp\/v2\/media?parent=1839"}],"wp:term":[{"taxonomy":"category","embeddable":true,"href":"https:\/\/www.revistarescatados.com.ar\/web\/wp-json\/wp\/v2\/categories?post=1839"},{"taxonomy":"post_tag","embeddable":true,"href":"https:\/\/www.revistarescatados.com.ar\/web\/wp-json\/wp\/v2\/tags?post=1839"}],"curies":[{"name":"wp","href":"https:\/\/api.w.org\/{rel}","templated":true}]}}