{"id":18424,"date":"2022-10-19T01:19:07","date_gmt":"2022-10-19T04:19:07","guid":{"rendered":"https:\/\/www.revistarescatados.com.ar\/web\/?p=18424"},"modified":"2022-10-19T01:19:11","modified_gmt":"2022-10-19T04:19:11","slug":"la-provincia-acredita-este-miercoles-los-fondos-de-la-tarjeta-unica-de-ciudadania","status":"publish","type":"post","link":"https:\/\/www.revistarescatados.com.ar\/web\/2022\/10\/19\/la-provincia-acredita-este-miercoles-los-fondos-de-la-tarjeta-unica-de-ciudadania\/","title":{"rendered":"La provincia acredita este mi\u00e9rcoles los fondos de la Tarjeta \u00danica de Ciudadan\u00eda"},"content":{"rendered":"\n<p><\/p>\n\n\n\n<p><\/p>\n\n\n\n<p><strong><span class=\"has-inline-color has-vivid-red-color\">El Ministerio de Desarrollo Social informa que a partir de este mi\u00e9rcoles 19 de octubre, se acreditar\u00e1n los fondos del programa Tarjeta \u00danica de Ciudadan\u00eda&#8221;, correspondientes al mes en curso.<\/span><\/strong><\/p>\n\n\n\n<p>Los beneficiarios que cobran por medio del pl\u00e1stico recargable tendr\u00e1n la acreditaci\u00f3n ese mismo d\u00eda; en tanto, para aquellos que cobren por medio de la aplicaci\u00f3n Billetera Santa Fe, los fondos se depositar\u00e1n en dos tandas: el mi\u00e9rcoles 19 y el jueves 20.<\/p>\n\n\n\n<p>COMPONENTE CEL\u00cdACOS<\/p>\n\n\n\n<p>Asimismo, estar\u00e1n acreditados los fondos correspondientes al Componente Cel\u00edacos. Los beneficiarios que no cuentan con cobertura de obra social, percibir\u00e1n una acreditaci\u00f3n de 4.000 pesos; y quienes s\u00ed cuenten con obra social, percibir\u00e1n un monto de 2.000 pesos.<\/p>\n","protected":false},"excerpt":{"rendered":"<p>El Ministerio de Desarrollo Social informa que a partir de este mi\u00e9rcoles 19 de octubre, se acreditar\u00e1n los fondos del programa Tarjeta \u00danica de Ciudadan\u00eda&#8221;, correspondientes al mes en curso. Los beneficiarios&#46;&#46;&#46;<\/p>\n","protected":false},"author":1,"featured_media":10352,"comment_status":"closed","ping_status":"closed","sticky":false,"template":"","format":"standard","meta":[],"categories":[16,12,8],"tags":[],"_links":{"self":[{"href":"https:\/\/www.revistarescatados.com.ar\/web\/wp-json\/wp\/v2\/posts\/18424"}],"collection":[{"href":"https:\/\/www.revistarescatados.com.ar\/web\/wp-json\/wp\/v2\/posts"}],"about":[{"href":"https:\/\/www.revistarescatados.com.ar\/web\/wp-json\/wp\/v2\/types\/post"}],"author":[{"embeddable":true,"href":"https:\/\/www.revistarescatados.com.ar\/web\/wp-json\/wp\/v2\/users\/1"}],"replies":[{"embeddable":true,"href":"https:\/\/www.revistarescatados.com.ar\/web\/wp-json\/wp\/v2\/comments?post=18424"}],"version-history":[{"count":1,"href":"https:\/\/www.revistarescatados.com.ar\/web\/wp-json\/wp\/v2\/posts\/18424\/revisions"}],"predecessor-version":[{"id":18425,"href":"https:\/\/www.revistarescatados.com.ar\/web\/wp-json\/wp\/v2\/posts\/18424\/revisions\/18425"}],"wp:featuredmedia":[{"embeddable":true,"href":"https:\/\/www.revistarescatados.com.ar\/web\/wp-json\/wp\/v2\/media\/10352"}],"wp:attachment":[{"href":"https:\/\/www.revistarescatados.com.ar\/web\/wp-json\/wp\/v2\/media?parent=18424"}],"wp:term":[{"taxonomy":"category","embeddable":true,"href":"https:\/\/www.revistarescatados.com.ar\/web\/wp-json\/wp\/v2\/categories?post=18424"},{"taxonomy":"post_tag","embeddable":true,"href":"https:\/\/www.revistarescatados.com.ar\/web\/wp-json\/wp\/v2\/tags?post=18424"}],"curies":[{"name":"wp","href":"https:\/\/api.w.org\/{rel}","templated":true}]}}