{"id":18427,"date":"2022-10-19T01:38:32","date_gmt":"2022-10-19T04:38:32","guid":{"rendered":"https:\/\/www.revistarescatados.com.ar\/web\/?p=18427"},"modified":"2022-10-19T01:38:36","modified_gmt":"2022-10-19T04:38:36","slug":"enacom-se-reunio-con-medios-radiales-de-calchaqui-video","status":"publish","type":"post","link":"https:\/\/www.revistarescatados.com.ar\/web\/2022\/10\/19\/enacom-se-reunio-con-medios-radiales-de-calchaqui-video\/","title":{"rendered":"ENACOM se reuni\u00f3 con medios radiales de Calchaqu\u00ed (Video)"},"content":{"rendered":"\n<p><strong><span class=\"has-inline-color has-vivid-red-color\">El delegado provincial Franco Balzaretti se reuni\u00f3 con responsables de 6 radios de frecuencia modulada para informar acerca de un nuevo concurso de licitaci\u00f3n para regularizar su estado legal y el acceso otros beneficios.<\/span><\/strong><\/p>\n\n\n\n<figure class=\"wp-block-image size-large\"><img loading=\"lazy\" width=\"1024\" height=\"668\" src=\"https:\/\/www.revistarescatados.com.ar\/web\/wp-content\/uploads\/2022\/10\/Reunion-Enacom-1024x668.jpg\" alt=\"\" class=\"wp-image-18428\" srcset=\"https:\/\/www.revistarescatados.com.ar\/web\/wp-content\/uploads\/2022\/10\/Reunion-Enacom-1024x668.jpg 1024w, https:\/\/www.revistarescatados.com.ar\/web\/wp-content\/uploads\/2022\/10\/Reunion-Enacom-300x196.jpg 300w, https:\/\/www.revistarescatados.com.ar\/web\/wp-content\/uploads\/2022\/10\/Reunion-Enacom-768x501.jpg 768w, https:\/\/www.revistarescatados.com.ar\/web\/wp-content\/uploads\/2022\/10\/Reunion-Enacom.jpg 1165w\" sizes=\"(max-width: 1024px) 100vw, 1024px\" \/><\/figure>\n\n\n\n<p>Junto con el Diputado Provincial, Oscar \u201cCachi\u201d Mart\u00ednez, el senador por el departamento Vera, Dr. Osvaldo Sosa, acompa\u00f1aron al delegado provincial del ENACOM, Franco Balzaretti en una reuni\u00f3n de trabajo con los distintos medios de comunicaci\u00f3n de la ciudad de Calchaqu\u00ed.<\/p>\n\n\n\n<iframe loading=\"lazy\" src=\"https:\/\/www.facebook.com\/plugins\/post.php?href=https%3A%2F%2Fwww.facebook.com%2FSenadorOsvaldoSosa%2Fposts%2Fpfbid02LhNVbTB8eZrwmm8xYjAyXxD64TcFA8nUmgpfvSx748GUgGzAvshFT4TGAbJwnYzJl&#038;show_text=true&#038;width=500\" width=\"500\" height=\"494\" style=\"border:none;overflow:hidden\" scrolling=\"no\" frameborder=\"0\" allowfullscreen=\"true\" allow=\"autoplay; clipboard-write; encrypted-media; picture-in-picture; web-share\"><\/iframe>\n\n\n\n<p>\u201cLa idea es formar una mesa de trabajo que permita acompa\u00f1ar a los distintos medios para presentar la documentaci\u00f3n correspondiente y as\u00ed poder ir avanzando y regularizando la situaci\u00f3n de los mismos\u201d, expreso Sosa.<\/p>\n","protected":false},"excerpt":{"rendered":"<p>El delegado provincial Franco Balzaretti se reuni\u00f3 con responsables de 6 radios de frecuencia modulada para informar acerca de un nuevo concurso de licitaci\u00f3n para regularizar su estado legal y el acceso&#46;&#46;&#46;<\/p>\n","protected":false},"author":1,"featured_media":18428,"comment_status":"closed","ping_status":"closed","sticky":false,"template":"","format":"standard","meta":[],"categories":[2,3,16,8],"tags":[],"_links":{"self":[{"href":"https:\/\/www.revistarescatados.com.ar\/web\/wp-json\/wp\/v2\/posts\/18427"}],"collection":[{"href":"https:\/\/www.revistarescatados.com.ar\/web\/wp-json\/wp\/v2\/posts"}],"about":[{"href":"https:\/\/www.revistarescatados.com.ar\/web\/wp-json\/wp\/v2\/types\/post"}],"author":[{"embeddable":true,"href":"https:\/\/www.revistarescatados.com.ar\/web\/wp-json\/wp\/v2\/users\/1"}],"replies":[{"embeddable":true,"href":"https:\/\/www.revistarescatados.com.ar\/web\/wp-json\/wp\/v2\/comments?post=18427"}],"version-history":[{"count":1,"href":"https:\/\/www.revistarescatados.com.ar\/web\/wp-json\/wp\/v2\/posts\/18427\/revisions"}],"predecessor-version":[{"id":18429,"href":"https:\/\/www.revistarescatados.com.ar\/web\/wp-json\/wp\/v2\/posts\/18427\/revisions\/18429"}],"wp:featuredmedia":[{"embeddable":true,"href":"https:\/\/www.revistarescatados.com.ar\/web\/wp-json\/wp\/v2\/media\/18428"}],"wp:attachment":[{"href":"https:\/\/www.revistarescatados.com.ar\/web\/wp-json\/wp\/v2\/media?parent=18427"}],"wp:term":[{"taxonomy":"category","embeddable":true,"href":"https:\/\/www.revistarescatados.com.ar\/web\/wp-json\/wp\/v2\/categories?post=18427"},{"taxonomy":"post_tag","embeddable":true,"href":"https:\/\/www.revistarescatados.com.ar\/web\/wp-json\/wp\/v2\/tags?post=18427"}],"curies":[{"name":"wp","href":"https:\/\/api.w.org\/{rel}","templated":true}]}}