{"id":18500,"date":"2022-10-28T20:40:57","date_gmt":"2022-10-28T23:40:57","guid":{"rendered":"https:\/\/www.revistarescatados.com.ar\/web\/?p=18500"},"modified":"2022-10-28T20:41:00","modified_gmt":"2022-10-28T23:41:00","slug":"pedro-gomez-cello-y-ramayon-recibieron-nuevas-unidades-policiales","status":"publish","type":"post","link":"https:\/\/www.revistarescatados.com.ar\/web\/2022\/10\/28\/pedro-gomez-cello-y-ramayon-recibieron-nuevas-unidades-policiales\/","title":{"rendered":"Pedro G\u00f3mez Cello y Ramay\u00f3n recibieron nuevas unidades policiales"},"content":{"rendered":"\n<p><strong><mark style=\"background-color:rgba(0, 0, 0, 0)\" class=\"has-inline-color has-vivid-red-color\">El acto de entrega se realiz\u00f3 este viernes. Adem\u00e1s fueron beneficiadas las localidades de Cayastacito, Nar\u00e9, La Penca y Caraguat\u00e1, Pedro G\u00f3mez Cello y San Justo. Se trata de 6 camionetas VW Amarok, completamente equipadas para la prevenci\u00f3n del delito.<\/mark><\/strong><\/p>\n\n\n\n<figure class=\"wp-block-image size-large\"><img loading=\"lazy\" width=\"1024\" height=\"682\" src=\"https:\/\/www.revistarescatados.com.ar\/web\/wp-content\/uploads\/2022\/10\/Moviles-policiales-san-justo-1024x682.jpg\" alt=\"\" class=\"wp-image-18501\" srcset=\"https:\/\/www.revistarescatados.com.ar\/web\/wp-content\/uploads\/2022\/10\/Moviles-policiales-san-justo-1024x682.jpg 1024w, https:\/\/www.revistarescatados.com.ar\/web\/wp-content\/uploads\/2022\/10\/Moviles-policiales-san-justo-300x200.jpg 300w, https:\/\/www.revistarescatados.com.ar\/web\/wp-content\/uploads\/2022\/10\/Moviles-policiales-san-justo-768x512.jpg 768w, https:\/\/www.revistarescatados.com.ar\/web\/wp-content\/uploads\/2022\/10\/Moviles-policiales-san-justo.jpg 1081w\" sizes=\"(max-width: 1024px) 100vw, 1024px\" \/><\/figure>\n\n\n\n<p>En el mediod\u00eda del viernes 28 de octubre, se realiz\u00f3 el acto de entrega de 6 Unidades M\u00f3viles Policiales 0 KM, frente a las instalaciones de la Jefatura U.R. XVI, del Departamento San Justo. <\/p>\n\n\n\n<p>Se trata de camionetas VW Amarok, completamente equipadas para la prevenci\u00f3n del delito<\/p>\n\n\n\n<p>La misma, fue presidida por el Sub Jefe de Polic\u00eda de la Provincia de Santa Fe, Director General de Polic\u00eda Mart\u00edn Garc\u00eda, en presencia del Asesor de Gabinete del Ministerio de Seguridad, Abogado Facundo Bustos, el Jefe de la Unidad Regional XVI Director de Polic\u00eda Eduardo J. Arias, el Subjefe Cristian P. Mangini, el Secretario de Gobierno Diego Palmier, Subsecretario de Pol\u00edticas de inclusi\u00f3n y Desarrollo Territorial del Ministerio de Desarrollo Social Santiago Felippof, Concejales Dr. Manuel Garc\u00eda Porta, Juan Ram\u00f3n Grandotti y Bruno Beltr\u00e1n, m\u00e1s los Presidentes Comunales a los cuales fueron entregadas las Unidades M\u00f3viles. <\/p>\n\n\n\n<p>Con la presencia de la Plana Mayor y Especial de la U.R. XVI y la formaci\u00f3n del personal policial, la entrega se realiz\u00f3 a las localidades de Cayastacito, Nar\u00e9, Ramay\u00f3n, La Penca y Caraguat\u00e1, Pedro G\u00f3mez Cello y adem\u00e1s al Grupo de Operaciones T\u00e1cticas de nuestra ciudad de San Justo. Se agradece la participaci\u00f3n de todos y la destacada labor del Departamento Relaciones Policiales de Provincia.<\/p>\n","protected":false},"excerpt":{"rendered":"<p>El acto de entrega se realiz\u00f3 este viernes. Adem\u00e1s fueron beneficiadas las localidades de Cayastacito, Nar\u00e9, La Penca y Caraguat\u00e1, Pedro G\u00f3mez Cello y San Justo. Se trata de 6 camionetas VW&#46;&#46;&#46;<\/p>\n","protected":false},"author":1,"featured_media":18501,"comment_status":"closed","ping_status":"closed","sticky":false,"template":"","format":"standard","meta":[],"categories":[4,16,11],"tags":[],"_links":{"self":[{"href":"https:\/\/www.revistarescatados.com.ar\/web\/wp-json\/wp\/v2\/posts\/18500"}],"collection":[{"href":"https:\/\/www.revistarescatados.com.ar\/web\/wp-json\/wp\/v2\/posts"}],"about":[{"href":"https:\/\/www.revistarescatados.com.ar\/web\/wp-json\/wp\/v2\/types\/post"}],"author":[{"embeddable":true,"href":"https:\/\/www.revistarescatados.com.ar\/web\/wp-json\/wp\/v2\/users\/1"}],"replies":[{"embeddable":true,"href":"https:\/\/www.revistarescatados.com.ar\/web\/wp-json\/wp\/v2\/comments?post=18500"}],"version-history":[{"count":1,"href":"https:\/\/www.revistarescatados.com.ar\/web\/wp-json\/wp\/v2\/posts\/18500\/revisions"}],"predecessor-version":[{"id":18502,"href":"https:\/\/www.revistarescatados.com.ar\/web\/wp-json\/wp\/v2\/posts\/18500\/revisions\/18502"}],"wp:featuredmedia":[{"embeddable":true,"href":"https:\/\/www.revistarescatados.com.ar\/web\/wp-json\/wp\/v2\/media\/18501"}],"wp:attachment":[{"href":"https:\/\/www.revistarescatados.com.ar\/web\/wp-json\/wp\/v2\/media?parent=18500"}],"wp:term":[{"taxonomy":"category","embeddable":true,"href":"https:\/\/www.revistarescatados.com.ar\/web\/wp-json\/wp\/v2\/categories?post=18500"},{"taxonomy":"post_tag","embeddable":true,"href":"https:\/\/www.revistarescatados.com.ar\/web\/wp-json\/wp\/v2\/tags?post=18500"}],"curies":[{"name":"wp","href":"https:\/\/api.w.org\/{rel}","templated":true}]}}