{"id":18503,"date":"2022-10-28T20:59:12","date_gmt":"2022-10-28T23:59:12","guid":{"rendered":"https:\/\/www.revistarescatados.com.ar\/web\/?p=18503"},"modified":"2022-10-28T20:59:16","modified_gmt":"2022-10-28T23:59:16","slug":"dana-verge-de-calchaqui-logro-la-medalla-dorada-en-atletismo-adaptado-del-los-juegos-evita","status":"publish","type":"post","link":"https:\/\/www.revistarescatados.com.ar\/web\/2022\/10\/28\/dana-verge-de-calchaqui-logro-la-medalla-dorada-en-atletismo-adaptado-del-los-juegos-evita\/","title":{"rendered":"Dana Verge de Calchaqu\u00ed logr\u00f3 la medalla dorada en atletismo adaptado del los Juegos Evita"},"content":{"rendered":"\n<p><strong><mark style=\"background-color:rgba(0, 0, 0, 0)\" class=\"has-inline-color has-vivid-red-color\">Como en el a\u00f1o 2019, Dana Verge puso en lo m\u00e1s alto el deporte local al consagrarse nuevamente campeona nacional en atletismo 150 metros y logr\u00f3 la medalla de plata en Lanzamiento de bala.<\/mark><\/strong><\/p>\n\n\n\n<figure class=\"wp-block-image size-large\"><img loading=\"lazy\" width=\"1024\" height=\"713\" src=\"https:\/\/www.revistarescatados.com.ar\/web\/wp-content\/uploads\/2022\/10\/dana-verge-campeona-1024x713.jpg\" alt=\"\" class=\"wp-image-18504\" srcset=\"https:\/\/www.revistarescatados.com.ar\/web\/wp-content\/uploads\/2022\/10\/dana-verge-campeona-1024x713.jpg 1024w, https:\/\/www.revistarescatados.com.ar\/web\/wp-content\/uploads\/2022\/10\/dana-verge-campeona-300x209.jpg 300w, https:\/\/www.revistarescatados.com.ar\/web\/wp-content\/uploads\/2022\/10\/dana-verge-campeona-768x535.jpg 768w, https:\/\/www.revistarescatados.com.ar\/web\/wp-content\/uploads\/2022\/10\/dana-verge-campeona.jpg 1075w\" sizes=\"(max-width: 1024px) 100vw, 1024px\" \/><\/figure>\n\n\n\n<p>Dana Verge obtuvo el primer puesto en Atletismo Adaptado, en 150 metros, representando a la provincia de Santa Fe. Es la campeona nacional. Recordamos que Dana ya hab\u00eda obtenido el segundo puesto en Lanzamiento de Bala Adaptado. <\/p>\n\n\n\n<p>De este modo, la alumna de segundo a\u00f1o de la Escuela Secundaria Orientada N\u00ba 233 logr\u00f3 dos nuevas presea en los Juegos Evita que se disputaron en Mar del Plata.<\/p>\n\n\n\n<p>Cabe destacar, que en esta vuelta a la presencialidad de los juegos, tambi\u00e9n formaron parte de la delegaci\u00f3n santafesina los deportistas:<\/p>\n\n\n\n<ul><li>Luisina Medr\u00e1n (Voley adaptado).<br><\/li><li>Juan Pablo Vel\u00e1zquez (Atletismo convencional).<br><\/li><li>Valent\u00edn Pighin (Levantamiento ol\u00edmpico).<\/li><\/ul>\n","protected":false},"excerpt":{"rendered":"<p>Como en el a\u00f1o 2019, Dana Verge puso en lo m\u00e1s alto el deporte local al consagrarse nuevamente campeona nacional en atletismo 150 metros y logr\u00f3 la medalla de plata en Lanzamiento&#46;&#46;&#46;<\/p>\n","protected":false},"author":1,"featured_media":18504,"comment_status":"closed","ping_status":"closed","sticky":false,"template":"","format":"standard","meta":[],"categories":[2,3,17,16,8],"tags":[],"_links":{"self":[{"href":"https:\/\/www.revistarescatados.com.ar\/web\/wp-json\/wp\/v2\/posts\/18503"}],"collection":[{"href":"https:\/\/www.revistarescatados.com.ar\/web\/wp-json\/wp\/v2\/posts"}],"about":[{"href":"https:\/\/www.revistarescatados.com.ar\/web\/wp-json\/wp\/v2\/types\/post"}],"author":[{"embeddable":true,"href":"https:\/\/www.revistarescatados.com.ar\/web\/wp-json\/wp\/v2\/users\/1"}],"replies":[{"embeddable":true,"href":"https:\/\/www.revistarescatados.com.ar\/web\/wp-json\/wp\/v2\/comments?post=18503"}],"version-history":[{"count":1,"href":"https:\/\/www.revistarescatados.com.ar\/web\/wp-json\/wp\/v2\/posts\/18503\/revisions"}],"predecessor-version":[{"id":18505,"href":"https:\/\/www.revistarescatados.com.ar\/web\/wp-json\/wp\/v2\/posts\/18503\/revisions\/18505"}],"wp:featuredmedia":[{"embeddable":true,"href":"https:\/\/www.revistarescatados.com.ar\/web\/wp-json\/wp\/v2\/media\/18504"}],"wp:attachment":[{"href":"https:\/\/www.revistarescatados.com.ar\/web\/wp-json\/wp\/v2\/media?parent=18503"}],"wp:term":[{"taxonomy":"category","embeddable":true,"href":"https:\/\/www.revistarescatados.com.ar\/web\/wp-json\/wp\/v2\/categories?post=18503"},{"taxonomy":"post_tag","embeddable":true,"href":"https:\/\/www.revistarescatados.com.ar\/web\/wp-json\/wp\/v2\/tags?post=18503"}],"curies":[{"name":"wp","href":"https:\/\/api.w.org\/{rel}","templated":true}]}}