{"id":18596,"date":"2022-11-10T01:18:23","date_gmt":"2022-11-10T04:18:23","guid":{"rendered":"https:\/\/www.revistarescatados.com.ar\/web\/?p=18596"},"modified":"2022-11-10T01:18:26","modified_gmt":"2022-11-10T04:18:26","slug":"sosa-entrego-aportes-a-ocho-instituciones-de-calchaqui","status":"publish","type":"post","link":"https:\/\/www.revistarescatados.com.ar\/web\/2022\/11\/10\/sosa-entrego-aportes-a-ocho-instituciones-de-calchaqui\/","title":{"rendered":"Sosa entreg\u00f3 aportes a ocho instituciones de Calchaqu\u00ed"},"content":{"rendered":"\n<p><strong><mark style=\"background-color:rgba(0, 0, 0, 0)\" class=\"has-inline-color has-vivid-red-color\">El senador Osvaldo Sosa realiz\u00f3 la entrega de aportes provenientes del Programa de Fortalecimiento Institucional ; adem\u00e1s gestion\u00f3 la declaraci\u00f3n de inter\u00e9s de la C\u00e1mara de Senadores a la Jornada Cultural organizada por el EEMPA N\u00b01050 que se realizara el viernes 11 de noviembre. <\/mark><\/strong><\/p>\n\n\n\n<figure class=\"wp-block-image size-large\"><img loading=\"lazy\" width=\"1024\" height=\"768\" src=\"https:\/\/www.revistarescatados.com.ar\/web\/wp-content\/uploads\/2022\/11\/Declaratoria-1024x768.jpg\" alt=\"\" class=\"wp-image-18597\" srcset=\"https:\/\/www.revistarescatados.com.ar\/web\/wp-content\/uploads\/2022\/11\/Declaratoria-1024x768.jpg 1024w, https:\/\/www.revistarescatados.com.ar\/web\/wp-content\/uploads\/2022\/11\/Declaratoria-300x225.jpg 300w, https:\/\/www.revistarescatados.com.ar\/web\/wp-content\/uploads\/2022\/11\/Declaratoria-768x576.jpg 768w, https:\/\/www.revistarescatados.com.ar\/web\/wp-content\/uploads\/2022\/11\/Declaratoria.jpg 1280w\" sizes=\"(max-width: 1024px) 100vw, 1024px\" \/><\/figure>\n\n\n\n<p>&#8220;Transitamos un camino entendiendo que las instituciones son los pilares para una sociedad fuerte y organizada que tiene como objetivo el bien com\u00fan de cada localidad. Con esa idea y esa prioridad hicimos entrega de aportes provenientes del Programa de Fortalecimiento Institucional en la ciudad de Calchaqu\u00ed&#8221;, destac\u00f3 en legislador en el acto desarrollado en el SUM del Sindicato de Luz y Fuerza..<\/p>\n\n\n\n<p><br>Adem\u00e1s, hicimos entrega de la declaraci\u00f3n de inter\u00e9s de la C\u00e1mara de Senadores a la Jornada Cultural organizada por el EEMPA N\u00b01050 que se realizara el viernes 11 de noviembre en la ciudad de Calchaqu\u00ed.<\/p>\n\n\n\n<figure class=\"wp-block-image size-large\"><img loading=\"lazy\" width=\"1024\" height=\"768\" src=\"https:\/\/www.revistarescatados.com.ar\/web\/wp-content\/uploads\/2022\/11\/aportes-sosa-1024x768.jpg\" alt=\"\" class=\"wp-image-18598\" srcset=\"https:\/\/www.revistarescatados.com.ar\/web\/wp-content\/uploads\/2022\/11\/aportes-sosa-1024x768.jpg 1024w, https:\/\/www.revistarescatados.com.ar\/web\/wp-content\/uploads\/2022\/11\/aportes-sosa-300x225.jpg 300w, https:\/\/www.revistarescatados.com.ar\/web\/wp-content\/uploads\/2022\/11\/aportes-sosa-768x576.jpg 768w, https:\/\/www.revistarescatados.com.ar\/web\/wp-content\/uploads\/2022\/11\/aportes-sosa.jpg 1280w\" sizes=\"(max-width: 1024px) 100vw, 1024px\" \/><\/figure>\n\n\n\n<p><br>Los aportes institucionales fueron recibidos por:<br>\u2705\ufe0fCentro Recreativo Calchaqu\u00ed<br>\u2705\ufe0fISP 66<br>\u2705\ufe0fCentro de Estudiantes del ISP 66<br>\u2705\ufe0fJard\u00edn de Infantes 8060<br>\u2705\ufe0fJard\u00edn de Infantes 360<br>\u2705\ufe0fEEMPA 1050<br>\u2705\ufe0fEESO 233<br>\u2705\ufe0fEscuela de Boxeo Rampoldi<\/p>\n","protected":false},"excerpt":{"rendered":"<p>El senador Osvaldo Sosa realiz\u00f3 la entrega de aportes provenientes del Programa de Fortalecimiento Institucional ; adem\u00e1s gestion\u00f3 la declaraci\u00f3n de inter\u00e9s de la C\u00e1mara de Senadores a la Jornada Cultural organizada&#46;&#46;&#46;<\/p>\n","protected":false},"author":1,"featured_media":18597,"comment_status":"closed","ping_status":"closed","sticky":false,"template":"","format":"standard","meta":[],"categories":[2,3,16,10,13],"tags":[],"_links":{"self":[{"href":"https:\/\/www.revistarescatados.com.ar\/web\/wp-json\/wp\/v2\/posts\/18596"}],"collection":[{"href":"https:\/\/www.revistarescatados.com.ar\/web\/wp-json\/wp\/v2\/posts"}],"about":[{"href":"https:\/\/www.revistarescatados.com.ar\/web\/wp-json\/wp\/v2\/types\/post"}],"author":[{"embeddable":true,"href":"https:\/\/www.revistarescatados.com.ar\/web\/wp-json\/wp\/v2\/users\/1"}],"replies":[{"embeddable":true,"href":"https:\/\/www.revistarescatados.com.ar\/web\/wp-json\/wp\/v2\/comments?post=18596"}],"version-history":[{"count":1,"href":"https:\/\/www.revistarescatados.com.ar\/web\/wp-json\/wp\/v2\/posts\/18596\/revisions"}],"predecessor-version":[{"id":18599,"href":"https:\/\/www.revistarescatados.com.ar\/web\/wp-json\/wp\/v2\/posts\/18596\/revisions\/18599"}],"wp:featuredmedia":[{"embeddable":true,"href":"https:\/\/www.revistarescatados.com.ar\/web\/wp-json\/wp\/v2\/media\/18597"}],"wp:attachment":[{"href":"https:\/\/www.revistarescatados.com.ar\/web\/wp-json\/wp\/v2\/media?parent=18596"}],"wp:term":[{"taxonomy":"category","embeddable":true,"href":"https:\/\/www.revistarescatados.com.ar\/web\/wp-json\/wp\/v2\/categories?post=18596"},{"taxonomy":"post_tag","embeddable":true,"href":"https:\/\/www.revistarescatados.com.ar\/web\/wp-json\/wp\/v2\/tags?post=18596"}],"curies":[{"name":"wp","href":"https:\/\/api.w.org\/{rel}","templated":true}]}}