{"id":18623,"date":"2022-11-14T15:22:27","date_gmt":"2022-11-14T18:22:27","guid":{"rendered":"https:\/\/www.revistarescatados.com.ar\/web\/?p=18623"},"modified":"2022-11-14T15:22:33","modified_gmt":"2022-11-14T18:22:33","slug":"un-joven-de-25-anos-hurto-y-volco-un-auto-en-calchaqui-fue-detenido-pero-a-las-horas-recupero-la-libertad","status":"publish","type":"post","link":"https:\/\/www.revistarescatados.com.ar\/web\/2022\/11\/14\/un-joven-de-25-anos-hurto-y-volco-un-auto-en-calchaqui-fue-detenido-pero-a-las-horas-recupero-la-libertad\/","title":{"rendered":"Un joven de 25 a\u00f1os hurt\u00f3 y volc\u00f3 un auto en Calchaqu\u00ed, fue detenido pero a las horas recuper\u00f3 la libertad"},"content":{"rendered":"\n<p><\/p>\n\n\n\n<p><strong><mark style=\"background-color:rgba(0, 0, 0, 0)\" class=\"has-inline-color has-vivid-red-color\">El ins\u00f3lito hecho ocurri\u00f3 este fin de semana y afect\u00f3 a una conocida vecina, que hab\u00eda estacionado su veh\u00edculo frente a su domicilio ubicado a una cuadra de la comisar\u00eda. El veh\u00edculo termin\u00f3 da\u00f1ado y abandonado en barrio Carlos Gardel.<\/mark><\/strong><\/p>\n\n\n\n<figure class=\"wp-block-image size-large\"><img loading=\"lazy\" width=\"1024\" height=\"390\" src=\"https:\/\/www.revistarescatados.com.ar\/web\/wp-content\/uploads\/2022\/11\/auto-chocado-1024x390.jpg\" alt=\"\" class=\"wp-image-18624\" srcset=\"https:\/\/www.revistarescatados.com.ar\/web\/wp-content\/uploads\/2022\/11\/auto-chocado-1024x390.jpg 1024w, https:\/\/www.revistarescatados.com.ar\/web\/wp-content\/uploads\/2022\/11\/auto-chocado-300x114.jpg 300w, https:\/\/www.revistarescatados.com.ar\/web\/wp-content\/uploads\/2022\/11\/auto-chocado-768x293.jpg 768w, https:\/\/www.revistarescatados.com.ar\/web\/wp-content\/uploads\/2022\/11\/auto-chocado.jpg 1499w\" sizes=\"(max-width: 1024px) 100vw, 1024px\" \/><\/figure>\n\n\n\n<p>Personal policial de la comisar\u00eda segunda de Calchaqu\u00ed, iniciaron actuaciones a ra\u00edz de la denuncia radicada por <strong>Catalina Teresa Baroni de 66 edad<\/strong>, quien diera cuenta que autores ignorados le sustrajeron su autom\u00f3vil marca gol Trend, de color gris.<\/p>\n\n\n\n<p>M\u00e1s tarde, el veh\u00edculo fue hallado sobre calle Sim\u00f3n de Iriondo e intersecci\u00f3n de calle Mitre de esa ciudad, en estado de abandono y con da\u00f1os en su estructura.<\/p>\n\n\n\n<p>La denunciante manifest\u00f3 haber dejado el auto en horas de la noche sin medidas de seguridad y con las llaves de arranque puestas, sobre calle Roque S\u00e1enz Pe\u00f1a al 900 frente a su domicilio.<\/p>\n\n\n\n<p>Posteriormente, ya en la jornada de este domingo 13 de noviembre, los funcionarios policiales de esa dependencia, establecen que no ser\u00eda ajeno al il\u00edcito, <strong>Cristian Rub\u00e9n Molina de 25 a\u00f1os de edad<\/strong>, domiciliado en ese medio.<\/p>\n\n\n\n<p>Lograron su aprehensi\u00f3n dieron conocimiento e intervenci\u00f3n al Fiscal en Turno quien ordeno finalizadas las diligencias el joven recupere su libertad.<\/p>\n\n\n\n<p><strong><em>Fuente: FM Vida Fort\u00edn Olmos<\/em><\/strong><\/p>\n","protected":false},"excerpt":{"rendered":"<p>El ins\u00f3lito hecho ocurri\u00f3 este fin de semana y afect\u00f3 a una conocida vecina, que hab\u00eda estacionado su veh\u00edculo frente a su domicilio ubicado a una cuadra de la comisar\u00eda. El veh\u00edculo&#46;&#46;&#46;<\/p>\n","protected":false},"author":1,"featured_media":18624,"comment_status":"closed","ping_status":"closed","sticky":false,"template":"","format":"standard","meta":[],"categories":[2,3,16,11],"tags":[],"_links":{"self":[{"href":"https:\/\/www.revistarescatados.com.ar\/web\/wp-json\/wp\/v2\/posts\/18623"}],"collection":[{"href":"https:\/\/www.revistarescatados.com.ar\/web\/wp-json\/wp\/v2\/posts"}],"about":[{"href":"https:\/\/www.revistarescatados.com.ar\/web\/wp-json\/wp\/v2\/types\/post"}],"author":[{"embeddable":true,"href":"https:\/\/www.revistarescatados.com.ar\/web\/wp-json\/wp\/v2\/users\/1"}],"replies":[{"embeddable":true,"href":"https:\/\/www.revistarescatados.com.ar\/web\/wp-json\/wp\/v2\/comments?post=18623"}],"version-history":[{"count":1,"href":"https:\/\/www.revistarescatados.com.ar\/web\/wp-json\/wp\/v2\/posts\/18623\/revisions"}],"predecessor-version":[{"id":18625,"href":"https:\/\/www.revistarescatados.com.ar\/web\/wp-json\/wp\/v2\/posts\/18623\/revisions\/18625"}],"wp:featuredmedia":[{"embeddable":true,"href":"https:\/\/www.revistarescatados.com.ar\/web\/wp-json\/wp\/v2\/media\/18624"}],"wp:attachment":[{"href":"https:\/\/www.revistarescatados.com.ar\/web\/wp-json\/wp\/v2\/media?parent=18623"}],"wp:term":[{"taxonomy":"category","embeddable":true,"href":"https:\/\/www.revistarescatados.com.ar\/web\/wp-json\/wp\/v2\/categories?post=18623"},{"taxonomy":"post_tag","embeddable":true,"href":"https:\/\/www.revistarescatados.com.ar\/web\/wp-json\/wp\/v2\/tags?post=18623"}],"curies":[{"name":"wp","href":"https:\/\/api.w.org\/{rel}","templated":true}]}}