{"id":18712,"date":"2022-12-02T01:02:28","date_gmt":"2022-12-02T04:02:28","guid":{"rendered":"https:\/\/www.revistarescatados.com.ar\/web\/?p=18712"},"modified":"2022-12-02T01:02:31","modified_gmt":"2022-12-02T04:02:31","slug":"hasta-el-28-de-febrero-de-2023-se-podran-solicitar-los-certificados-de-emergencia-agropecuaria","status":"publish","type":"post","link":"https:\/\/www.revistarescatados.com.ar\/web\/2022\/12\/02\/hasta-el-28-de-febrero-de-2023-se-podran-solicitar-los-certificados-de-emergencia-agropecuaria\/","title":{"rendered":"Hasta el 28 de febrero de 2023 se podr\u00e1n solicitar los certificados de emergencia agropecuaria"},"content":{"rendered":"\n<p><\/p>\n\n\n\n<p><strong><mark style=\"background-color:rgba(0, 0, 0, 0)\" class=\"has-inline-color has-vivid-red-color\">Los productores deben constar que sus explotaciones se encuentran afectadas por la sequ\u00eda, adjuntando el contrato seg\u00fan corresponda, y estar inscriptos en RUPP.<\/mark><\/strong><\/p>\n\n\n\n<figure class=\"wp-block-image size-full\"><img loading=\"lazy\" width=\"1000\" height=\"570\" src=\"http:\/\/www.revistarescatados.com.ar\/web\/wp-content\/uploads\/2018\/04\/maiz-sequia.jpg\" alt=\"\" class=\"wp-image-16\" srcset=\"https:\/\/www.revistarescatados.com.ar\/web\/wp-content\/uploads\/2018\/04\/maiz-sequia.jpg 1000w, https:\/\/www.revistarescatados.com.ar\/web\/wp-content\/uploads\/2018\/04\/maiz-sequia-300x171.jpg 300w, https:\/\/www.revistarescatados.com.ar\/web\/wp-content\/uploads\/2018\/04\/maiz-sequia-768x438.jpg 768w\" sizes=\"(max-width: 1000px) 100vw, 1000px\" \/><\/figure>\n\n\n\n<p>El Ministerio de Producci\u00f3n, Ciencia y Tecnolog\u00eda informa que hasta el 28 de febrero de 2023 se podr\u00e1n solicitar los beneficios de la emergencia agropecuaria; tr\u00e1mite que se inicia presentando, a trav\u00e9s del portal de la provincia, los formularios de declaraciones juradas y la documentaci\u00f3n respaldatoria para acceder al certificado correspondiente.<br>Cabe recordar que, al momento de realizar las solicitudes, los productores deben constar que sus predios o explotaciones se encuentran afectadas por la sequ\u00eda, adjuntando el contrato seg\u00fan corresponda, y estar inscriptos en Registro \u00danico de Producciones Primarias (RUPP) en el distrito que van a presentar la declaraci\u00f3n jurada de Emergencia Agropecuaria.<\/p>\n\n\n\n<p>A trav\u00e9s del Decreto N\u00ba 2476\/22, el Gobierno de la Provincia de Santa Fe declar\u00f3 la Emergencia Agropecuaria, que rige a partir del 1 de noviembre en el departamento General L\u00f3pez, y adem\u00e1s estableci\u00f3 la pr\u00f3rroga de la emergencia en el resto de los 18 departamentos provinciales hasta el 31 de mayo del 2023. Dichas normas abarcan las explotaciones agr\u00edcolas extensivas, frutihort\u00edcolas extensivas e intensivas, y a la ganader\u00eda en general, afectadas por sequ\u00eda en la totalidad del territorio santafesino.<\/p>\n\n\n\n<p>Las declaraciones juradas se presentan de forma digital informando los da\u00f1os, a trav\u00e9s del Sistema Santafesino de Gesti\u00f3n de Situaciones de Emergencia Agropecuaria (Sisagea) al cual se podr\u00e1 acceder desde la p\u00e1gina web del gobierno provincial (www.santafe.gov.ar) ingresando al apartado de Emergencia Agropecuaria que figura en la portada.<\/p>\n\n\n\n<p><strong>ACLARACI\u00d3N<\/strong><\/p>\n\n\n\n<p>Los productores alcanzados por los Decretos N\u00b0 0020\/22 y 0080\/22 que ya cuenten con certificados de emergencia y\/o desastre agropecuario, emitidos en ese marco, permanecer\u00e1n en la misma condici\u00f3n y gozar\u00e1n autom\u00e1ticamente de los beneficios establecidos, sin necesidad de realizar ning\u00fan otro tr\u00e1mite administrativo.<\/p>\n\n\n\n<p>Por otra parte, aquellos productores que ya cuenten con certificados de emergencia y cuya situaci\u00f3n se haya agravado, deber\u00e1n iniciar el tr\u00e1mite respectivo a trav\u00e9s del Sistema Santafesino de Gesti\u00f3n de Situaciones de Emergencia Agropecuaria (Sisagea), completando un formulario de declaraci\u00f3n jurada por medio del cual detallar\u00e1n las p\u00e9rdidas sufridas. Luego, se evaluar\u00e1 la situaci\u00f3n y, en caso de corresponder se proceder\u00e1 a modificar la condici\u00f3n de dicho certificado a desastre agropecuario.<\/p>\n\n\n\n<p><strong>CONTACTO<\/strong><\/p>\n\n\n\n<p>Ministerio de Producci\u00f3n, Ciencia y Tecnolog\u00eda \u2013 Subdirecci\u00f3n General de Ordenamiento Territorial y Emergencia Agropecuaria: 0342 &#8211; 4505300 (int. 4198-4134-4159), 0342 &#8211; 155390025. Bv. Pellegrini 3100. Santa Fe.<\/p>\n\n\n\n<p>Sede Rosario: 0341-4721537 Mitre 930 3er piso. Rosario.<\/p>\n\n\n\n<p>Norte Reconquista: 03482-421340\/420160 General Obligado 975. Reconquista.<\/p>\n","protected":false},"excerpt":{"rendered":"<p>Los productores deben constar que sus explotaciones se encuentran afectadas por la sequ\u00eda, adjuntando el contrato seg\u00fan corresponda, y estar inscriptos en RUPP. El Ministerio de Producci\u00f3n, Ciencia y Tecnolog\u00eda informa que&#46;&#46;&#46;<\/p>\n","protected":false},"author":1,"featured_media":16,"comment_status":"closed","ping_status":"closed","sticky":false,"template":"","format":"standard","meta":[],"categories":[16,12,8],"tags":[],"_links":{"self":[{"href":"https:\/\/www.revistarescatados.com.ar\/web\/wp-json\/wp\/v2\/posts\/18712"}],"collection":[{"href":"https:\/\/www.revistarescatados.com.ar\/web\/wp-json\/wp\/v2\/posts"}],"about":[{"href":"https:\/\/www.revistarescatados.com.ar\/web\/wp-json\/wp\/v2\/types\/post"}],"author":[{"embeddable":true,"href":"https:\/\/www.revistarescatados.com.ar\/web\/wp-json\/wp\/v2\/users\/1"}],"replies":[{"embeddable":true,"href":"https:\/\/www.revistarescatados.com.ar\/web\/wp-json\/wp\/v2\/comments?post=18712"}],"version-history":[{"count":1,"href":"https:\/\/www.revistarescatados.com.ar\/web\/wp-json\/wp\/v2\/posts\/18712\/revisions"}],"predecessor-version":[{"id":18713,"href":"https:\/\/www.revistarescatados.com.ar\/web\/wp-json\/wp\/v2\/posts\/18712\/revisions\/18713"}],"wp:featuredmedia":[{"embeddable":true,"href":"https:\/\/www.revistarescatados.com.ar\/web\/wp-json\/wp\/v2\/media\/16"}],"wp:attachment":[{"href":"https:\/\/www.revistarescatados.com.ar\/web\/wp-json\/wp\/v2\/media?parent=18712"}],"wp:term":[{"taxonomy":"category","embeddable":true,"href":"https:\/\/www.revistarescatados.com.ar\/web\/wp-json\/wp\/v2\/categories?post=18712"},{"taxonomy":"post_tag","embeddable":true,"href":"https:\/\/www.revistarescatados.com.ar\/web\/wp-json\/wp\/v2\/tags?post=18712"}],"curies":[{"name":"wp","href":"https:\/\/api.w.org\/{rel}","templated":true}]}}