{"id":1880,"date":"2018-09-10T20:23:37","date_gmt":"2018-09-10T23:23:37","guid":{"rendered":"http:\/\/www.revistarescatados.com.ar\/web\/?p=1880"},"modified":"2018-09-10T20:23:37","modified_gmt":"2018-09-10T23:23:37","slug":"inscriben-a-aspirantes-a-la-policia-santafesina","status":"publish","type":"post","link":"https:\/\/www.revistarescatados.com.ar\/web\/2018\/09\/10\/inscriben-a-aspirantes-a-la-policia-santafesina\/","title":{"rendered":"Inscriben a aspirantes a la polic\u00eda santafesina"},"content":{"rendered":"<p><img loading=\"lazy\" class=\"aligncenter size-full wp-image-1881\" src=\"http:\/\/www.revistarescatados.com.ar\/web\/wp-content\/uploads\/2018\/09\/policias.png\" alt=\"\" width=\"500\" height=\"331\" srcset=\"https:\/\/www.revistarescatados.com.ar\/web\/wp-content\/uploads\/2018\/09\/policias.png 500w, https:\/\/www.revistarescatados.com.ar\/web\/wp-content\/uploads\/2018\/09\/policias-300x199.png 300w\" sizes=\"(max-width: 500px) 100vw, 500px\" \/><\/p>\n<p><span style=\"color: #0000ff;\"><strong>Se abre la inscripci\u00f3n para la carrera de \u201cAuxiliar en Seguridad\u201d, desde el 17 de septiembre y hasta el 18 de octubre. Los interesados, sean varones y mujeres, podr\u00e1n hacerlo en la p\u00e1gina: \u201csantafe.gov.ar\/seguridad\u201d. <\/strong><\/span><\/p>\n<p>La carrera se cursa en la ciudad de Rosario, con modalidad presencial y con una duraci\u00f3n de dos (2) a\u00f1os.<\/p>\n<p>Los interesados deber\u00e1n aprobar todas las condiciones establecidas para el ingreso: examen m\u00e9dico, psicot\u00e9cnico, aptitud f\u00edsica y examen te\u00f3rico.<\/p>\n<p>El Auxiliar en Seguridad resulta competente para:<\/p>\n<ol>\n<li>Desempe\u00f1arse como agente de seguridad, incorpor\u00e1ndose al cuerpo policial, para actuar en la prevenci\u00f3n de los delitos, la protecci\u00f3n de la vida y de los bienes de las personas con arreglo a la normativa vigente en la Provincia de Santa Fe.<\/li>\n<li>Trabajar en el \u00e1mbito privado como seguridad privada, seg\u00fan las competencias determinadas y en congruencia con las leyes y disposiciones que en materia de seguridad rigen en la Provincia de Santa Fe.<\/li>\n<li>Desempe\u00f1arse colaborando en la planificaci\u00f3n y programaci\u00f3n de acciones preventivas de seguridad junto a otros actores intersectoriales e intergubernamentales.<\/li>\n<\/ol>\n","protected":false},"excerpt":{"rendered":"<p>Se abre la inscripci\u00f3n para la carrera de \u201cAuxiliar en Seguridad\u201d, desde el 17 de septiembre y hasta el 18 de octubre. Los interesados, sean varones y mujeres, podr\u00e1n hacerlo en la&#46;&#46;&#46;<\/p>\n","protected":false},"author":1,"featured_media":1881,"comment_status":"closed","ping_status":"open","sticky":false,"template":"","format":"standard","meta":[],"categories":[16,11,12],"tags":[],"_links":{"self":[{"href":"https:\/\/www.revistarescatados.com.ar\/web\/wp-json\/wp\/v2\/posts\/1880"}],"collection":[{"href":"https:\/\/www.revistarescatados.com.ar\/web\/wp-json\/wp\/v2\/posts"}],"about":[{"href":"https:\/\/www.revistarescatados.com.ar\/web\/wp-json\/wp\/v2\/types\/post"}],"author":[{"embeddable":true,"href":"https:\/\/www.revistarescatados.com.ar\/web\/wp-json\/wp\/v2\/users\/1"}],"replies":[{"embeddable":true,"href":"https:\/\/www.revistarescatados.com.ar\/web\/wp-json\/wp\/v2\/comments?post=1880"}],"version-history":[{"count":1,"href":"https:\/\/www.revistarescatados.com.ar\/web\/wp-json\/wp\/v2\/posts\/1880\/revisions"}],"predecessor-version":[{"id":1882,"href":"https:\/\/www.revistarescatados.com.ar\/web\/wp-json\/wp\/v2\/posts\/1880\/revisions\/1882"}],"wp:featuredmedia":[{"embeddable":true,"href":"https:\/\/www.revistarescatados.com.ar\/web\/wp-json\/wp\/v2\/media\/1881"}],"wp:attachment":[{"href":"https:\/\/www.revistarescatados.com.ar\/web\/wp-json\/wp\/v2\/media?parent=1880"}],"wp:term":[{"taxonomy":"category","embeddable":true,"href":"https:\/\/www.revistarescatados.com.ar\/web\/wp-json\/wp\/v2\/categories?post=1880"},{"taxonomy":"post_tag","embeddable":true,"href":"https:\/\/www.revistarescatados.com.ar\/web\/wp-json\/wp\/v2\/tags?post=1880"}],"curies":[{"name":"wp","href":"https:\/\/api.w.org\/{rel}","templated":true}]}}