{"id":18847,"date":"2022-12-29T20:48:35","date_gmt":"2022-12-29T23:48:35","guid":{"rendered":"https:\/\/www.revistarescatados.com.ar\/web\/?p=18847"},"modified":"2022-12-29T20:48:39","modified_gmt":"2022-12-29T23:48:39","slug":"este-lunes-inicia-el-cronograma-de-pago-de-haberes-a-empleados-santafesinos","status":"publish","type":"post","link":"https:\/\/www.revistarescatados.com.ar\/web\/2022\/12\/29\/este-lunes-inicia-el-cronograma-de-pago-de-haberes-a-empleados-santafesinos\/","title":{"rendered":"Este lunes inicia el cronograma de pago de haberes a empleados santafesinos"},"content":{"rendered":"\n<p><\/p>\n\n\n\n<p><strong><mark style=\"background-color:rgba(0, 0, 0, 0)\" class=\"has-inline-color has-vivid-red-color\">Incluir\u00e1 el aumento remunerativo y bonificable del 25% acordado en el \u00e1mbito paritario con los diferentes gremios de la administraci\u00f3n p\u00fablica provincial.<\/mark><\/strong><\/p>\n\n\n\n<figure class=\"wp-block-image size-large\"><img loading=\"lazy\" width=\"1024\" height=\"576\" src=\"http:\/\/www.revistarescatados.com.ar\/web\/wp-content\/uploads\/2018\/06\/CAJERO-1024x576.jpg\" alt=\"\" class=\"wp-image-905\" srcset=\"https:\/\/www.revistarescatados.com.ar\/web\/wp-content\/uploads\/2018\/06\/CAJERO-1024x576.jpg 1024w, https:\/\/www.revistarescatados.com.ar\/web\/wp-content\/uploads\/2018\/06\/CAJERO-300x169.jpg 300w, https:\/\/www.revistarescatados.com.ar\/web\/wp-content\/uploads\/2018\/06\/CAJERO-768x432.jpg 768w, https:\/\/www.revistarescatados.com.ar\/web\/wp-content\/uploads\/2018\/06\/CAJERO.jpg 1920w\" sizes=\"(max-width: 1024px) 100vw, 1024px\" \/><\/figure>\n\n\n\n<p>El Ministerio de Econom\u00eda de la provincia difundi\u00f3 el cronograma de pago de sueldos y jubilaciones correspondiente a diciembre de 2022. La cartera inform\u00f3 que los haberes incluir\u00e1n el aumento remunerativo y bonificable del 25% acordado en el \u00e1mbito paritario con los diferentes gremios de la administraci\u00f3n p\u00fablica provincial.<br>En el caso del sector pasivo se inform\u00f3 que los haberes de diciembre incluyen adem\u00e1s de dicho incremento, la diferencia de aguinaldo resultante.<\/p>\n\n\n\n<p>El cronograma de pagos de sueldos y jubilaciones de diciembre es el siguiente:<\/p>\n\n\n\n<blockquote class=\"wp-block-quote\"><p><strong>Lunes 2 de enero:<\/strong> pasivos a los que les corresponde percibir un monto de bolsillo de hasta 165.000 pesos; y Escalaf\u00f3n policial<\/p><p><strong>Martes 3 de enero:<\/strong> activos a los que les corresponde percibir un monto de bolsillo de hasta 158.000 pesos; y docentes de Escuelas Privadas Transferidas 1\u00ba y 2\u00ba Convenio<\/p><p><strong>Mi\u00e9rcoles 4 de enero:<\/strong> resto de Activos a los que les corresponde percibir un monto de bolsillo superior a 158.000 pesos; y Docentes de Escuelas Privadas Hist\u00f3ricas<\/p><p><strong>Jueves 5 de enero: <\/strong>resto de Pasivos a los que les corresponde percibir un monto de bolsillo superior a 165.000 pesos<\/p><p><strong>Viernes 6 de enero: <\/strong>autoridades superiores Poder Judicial, Poder Legislativo y Poder Ejecutivo.<\/p><\/blockquote>\n\n\n\n<p>Adem\u00e1s, se informa que el pago de la diferencia de aguinaldo segunda cuota 2022 de los Activos, se realizar\u00e1 el viernes 13 de enero 2023 para todos los escalafones.<\/p>\n","protected":false},"excerpt":{"rendered":"<p>Incluir\u00e1 el aumento remunerativo y bonificable del 25% acordado en el \u00e1mbito paritario con los diferentes gremios de la administraci\u00f3n p\u00fablica provincial. El Ministerio de Econom\u00eda de la provincia difundi\u00f3 el cronograma&#46;&#46;&#46;<\/p>\n","protected":false},"author":1,"featured_media":905,"comment_status":"closed","ping_status":"closed","sticky":false,"template":"","format":"standard","meta":[],"categories":[16,12,8],"tags":[],"_links":{"self":[{"href":"https:\/\/www.revistarescatados.com.ar\/web\/wp-json\/wp\/v2\/posts\/18847"}],"collection":[{"href":"https:\/\/www.revistarescatados.com.ar\/web\/wp-json\/wp\/v2\/posts"}],"about":[{"href":"https:\/\/www.revistarescatados.com.ar\/web\/wp-json\/wp\/v2\/types\/post"}],"author":[{"embeddable":true,"href":"https:\/\/www.revistarescatados.com.ar\/web\/wp-json\/wp\/v2\/users\/1"}],"replies":[{"embeddable":true,"href":"https:\/\/www.revistarescatados.com.ar\/web\/wp-json\/wp\/v2\/comments?post=18847"}],"version-history":[{"count":1,"href":"https:\/\/www.revistarescatados.com.ar\/web\/wp-json\/wp\/v2\/posts\/18847\/revisions"}],"predecessor-version":[{"id":18848,"href":"https:\/\/www.revistarescatados.com.ar\/web\/wp-json\/wp\/v2\/posts\/18847\/revisions\/18848"}],"wp:featuredmedia":[{"embeddable":true,"href":"https:\/\/www.revistarescatados.com.ar\/web\/wp-json\/wp\/v2\/media\/905"}],"wp:attachment":[{"href":"https:\/\/www.revistarescatados.com.ar\/web\/wp-json\/wp\/v2\/media?parent=18847"}],"wp:term":[{"taxonomy":"category","embeddable":true,"href":"https:\/\/www.revistarescatados.com.ar\/web\/wp-json\/wp\/v2\/categories?post=18847"},{"taxonomy":"post_tag","embeddable":true,"href":"https:\/\/www.revistarescatados.com.ar\/web\/wp-json\/wp\/v2\/tags?post=18847"}],"curies":[{"name":"wp","href":"https:\/\/api.w.org\/{rel}","templated":true}]}}