{"id":18901,"date":"2023-01-10T00:30:49","date_gmt":"2023-01-10T03:30:49","guid":{"rendered":"https:\/\/www.revistarescatados.com.ar\/web\/?p=18901"},"modified":"2023-01-10T00:30:54","modified_gmt":"2023-01-10T03:30:54","slug":"la-provincia-brindo-recomendaciones-para-el-cuidado-de-la-salud-ante-las-altas-temperaturas","status":"publish","type":"post","link":"https:\/\/www.revistarescatados.com.ar\/web\/2023\/01\/10\/la-provincia-brindo-recomendaciones-para-el-cuidado-de-la-salud-ante-las-altas-temperaturas\/","title":{"rendered":"La provincia brind\u00f3 recomendaciones para el cuidado de la salud ante las altas temperaturas"},"content":{"rendered":"\n<p><\/p>\n\n\n\n<p><strong><mark style=\"background-color:rgba(0, 0, 0, 0)\" class=\"has-inline-color has-vivid-red-color\">A trav\u00e9s del Ministerio de Salud alertaron a la poblaci\u00f3n sobre la importancia de tomar conductas activas para prevenir el agotamiento por calor y los golpes de calor.<\/mark><\/strong><\/p>\n\n\n\n<figure class=\"wp-block-image size-large\"><img loading=\"lazy\" width=\"1024\" height=\"575\" src=\"http:\/\/www.revistarescatados.com.ar\/web\/wp-content\/uploads\/2018\/12\/calor-1024x575.jpg\" alt=\"\" class=\"wp-image-3270\" srcset=\"https:\/\/www.revistarescatados.com.ar\/web\/wp-content\/uploads\/2018\/12\/calor-1024x575.jpg 1024w, https:\/\/www.revistarescatados.com.ar\/web\/wp-content\/uploads\/2018\/12\/calor-300x168.jpg 300w, https:\/\/www.revistarescatados.com.ar\/web\/wp-content\/uploads\/2018\/12\/calor-768x431.jpg 768w, https:\/\/www.revistarescatados.com.ar\/web\/wp-content\/uploads\/2018\/12\/calor.jpg 1140w\" sizes=\"(max-width: 1024px) 100vw, 1024px\" \/><\/figure>\n\n\n\n<p>El gobierno provincial brind\u00f3 recomendaciones para el cuidado de la salud ante las altas temperaturas que se registran durante el verano. Al respecto, el subsecretario de Promoci\u00f3n de la Salud, Sebasti\u00e1n Torres, enfatiz\u00f3 la importancia de prevenir los golpes de calor ya que \u201csobrevienen cuando el cuerpo supera una temperatura superior a los 30 y hasta 40 grados cent\u00edgrados, lo que provoca una serie de s\u00edntomas y desequilibrios que pueden requerir asistencia m\u00e9dica\u201d.<\/p>\n\n\n\n<p><br>Luego, diferenci\u00f3 \u201cel agotamiento por calor, el cual es un trastorno ocasionado por el aumento de la temperatura del cuerpo como consecuencia de la exposici\u00f3n prolongada a altas temperaturas y humedad o el esfuerzo f\u00edsico intenso (ejercicios) en altas temperaturas de un golpe de calor que es una forma grave de lesi\u00f3n por calor y la temperatura del cuerpo alcanza los 40\u00b0 C o m\u00e1s\u201d.<\/p>\n\n\n\n<p>Sobre los s\u00edntomas, Torres explic\u00f3 que \u201ces importante estar alerta, consultar al m\u00e9dico y tomar conductas activas\u201d.<\/p>\n\n\n\n<p>El agotamiento por calor es un estadio previo al golpe de calor. Hay que reconocerlo para prevenir una situaci\u00f3n m\u00e1s grave. Se presenta con:<\/p>\n\n\n\n<p><br>\u00bb Sudoraci\u00f3n excesiva<br>\u00bb En los beb\u00e9s puede verse la piel muy irritada por el sudor en el cuello, pecho, axilas, pliegues del codo y la zona del pa\u00f1al (sudamina)<br>\u00bb Piel p\u00e1lida y fresca<br>\u00bb Sensaci\u00f3n de calor sofocante<br>\u00bb Sed intensa y sequedad en la boca<br>\u00bb Calambres musculares<br>\u00bb Agotamiento, cansancio o debilidad<br>\u00bb Dolores de est\u00f3mago, inapetencia, n\u00e1useas o v\u00f3mitos<br>\u00bb Dolores de cabeza<br>\u00bb Irritabilidad (llanto inconsolable en los m\u00e1s peque\u00f1os)<br>\u00bb Mareos o desmayo<\/p>\n\n\n\n<p>El golpe de calor es una situaci\u00f3n muy grave, que se presenta con:<br>\u00bb Temperatura del cuerpo 39\u00b0C &#8211; 40\u00b0C o mayor (medida en la axila)<br>\u00bb Piel roja caliente y seca (se agota la transpiraci\u00f3n)<br>\u00bb Respiraci\u00f3n y frecuencia card\u00edaca acelerada<br>\u00bb Dolor palpitante de cabeza<br>\u00bb Alteraci\u00f3n del estado mental y del comportamiento como: v\u00e9rtigos, mareos desorientaci\u00f3n, delirios, confusi\u00f3n o p\u00e9rdida de conocimiento<br>\u00bb Convulsiones<\/p>\n\n\n\n<p>\u201cEn cualquiera de los casos las recomendaciones b\u00e1sicas son usar ropa clara, tomar tres litros de agua por d\u00eda y no esperar a tener sed para ello, no exponerse al sol entre las 10 y las 16 horas, dar el pecho a los lactantes con mayor frecuencia; ofrecer a los ni\u00f1os abundante agua segura y jugos naturales durante todo el d\u00eda; evitar bebidas con cafe\u00edna o con alto contenido en az\u00facar (como las gaseosas); reducir la actividad f\u00edsica en los horarios de mayor calor y preferentemente hacerlas al aire libre; permanecer en lugares ventilados y frescos; y protecci\u00f3n solar mayor a 30 FPS\u201d, enumer\u00f3 Sebasti\u00e1n Torres.<\/p>\n","protected":false},"excerpt":{"rendered":"<p>A trav\u00e9s del Ministerio de Salud alertaron a la poblaci\u00f3n sobre la importancia de tomar conductas activas para prevenir el agotamiento por calor y los golpes de calor. El gobierno provincial brind\u00f3&#46;&#46;&#46;<\/p>\n","protected":false},"author":1,"featured_media":3270,"comment_status":"closed","ping_status":"closed","sticky":false,"template":"","format":"standard","meta":[],"categories":[16,12,9,8],"tags":[],"_links":{"self":[{"href":"https:\/\/www.revistarescatados.com.ar\/web\/wp-json\/wp\/v2\/posts\/18901"}],"collection":[{"href":"https:\/\/www.revistarescatados.com.ar\/web\/wp-json\/wp\/v2\/posts"}],"about":[{"href":"https:\/\/www.revistarescatados.com.ar\/web\/wp-json\/wp\/v2\/types\/post"}],"author":[{"embeddable":true,"href":"https:\/\/www.revistarescatados.com.ar\/web\/wp-json\/wp\/v2\/users\/1"}],"replies":[{"embeddable":true,"href":"https:\/\/www.revistarescatados.com.ar\/web\/wp-json\/wp\/v2\/comments?post=18901"}],"version-history":[{"count":1,"href":"https:\/\/www.revistarescatados.com.ar\/web\/wp-json\/wp\/v2\/posts\/18901\/revisions"}],"predecessor-version":[{"id":18902,"href":"https:\/\/www.revistarescatados.com.ar\/web\/wp-json\/wp\/v2\/posts\/18901\/revisions\/18902"}],"wp:featuredmedia":[{"embeddable":true,"href":"https:\/\/www.revistarescatados.com.ar\/web\/wp-json\/wp\/v2\/media\/3270"}],"wp:attachment":[{"href":"https:\/\/www.revistarescatados.com.ar\/web\/wp-json\/wp\/v2\/media?parent=18901"}],"wp:term":[{"taxonomy":"category","embeddable":true,"href":"https:\/\/www.revistarescatados.com.ar\/web\/wp-json\/wp\/v2\/categories?post=18901"},{"taxonomy":"post_tag","embeddable":true,"href":"https:\/\/www.revistarescatados.com.ar\/web\/wp-json\/wp\/v2\/tags?post=18901"}],"curies":[{"name":"wp","href":"https:\/\/api.w.org\/{rel}","templated":true}]}}