{"id":18949,"date":"2023-01-20T23:59:31","date_gmt":"2023-01-21T02:59:31","guid":{"rendered":"https:\/\/www.revistarescatados.com.ar\/web\/?p=18949"},"modified":"2023-01-20T23:59:36","modified_gmt":"2023-01-21T02:59:36","slug":"emergencia-agropecuaria-por-la-sequia-nacion-destinara-1-300-millones-para-la-provincia","status":"publish","type":"post","link":"https:\/\/www.revistarescatados.com.ar\/web\/2023\/01\/20\/emergencia-agropecuaria-por-la-sequia-nacion-destinara-1-300-millones-para-la-provincia\/","title":{"rendered":"Emergencia Agropecuaria por la sequ\u00eda: Naci\u00f3n destinar\u00e1 $1.300 millones para la provincia"},"content":{"rendered":"\n<p><\/p>\n\n\n\n<p><strong><mark style=\"background-color:rgba(0, 0, 0, 0)\" class=\"has-inline-color has-vivid-red-color\">El gobernador Omar Perotti y el secretario de Agricultura, Ganader\u00eda y Pesca de la Naci\u00f3n, Juan Jos\u00e9 Bahillo, se reunieron con productores del norte provincial afectados por la sequ\u00eda, en la Estancia Las Gamas.<\/mark><\/strong><\/p>\n\n\n\n<figure class=\"wp-block-image size-large\"><img loading=\"lazy\" width=\"1024\" height=\"575\" src=\"https:\/\/www.revistarescatados.com.ar\/web\/wp-content\/uploads\/2023\/01\/Perotti-en-Las-Gamas-1024x575.jpg\" alt=\"\" class=\"wp-image-18950\" srcset=\"https:\/\/www.revistarescatados.com.ar\/web\/wp-content\/uploads\/2023\/01\/Perotti-en-Las-Gamas-1024x575.jpg 1024w, https:\/\/www.revistarescatados.com.ar\/web\/wp-content\/uploads\/2023\/01\/Perotti-en-Las-Gamas-300x168.jpg 300w, https:\/\/www.revistarescatados.com.ar\/web\/wp-content\/uploads\/2023\/01\/Perotti-en-Las-Gamas-768x431.jpg 768w, https:\/\/www.revistarescatados.com.ar\/web\/wp-content\/uploads\/2023\/01\/Perotti-en-Las-Gamas.jpg 1140w\" sizes=\"(max-width: 1024px) 100vw, 1024px\" \/><\/figure>\n\n\n\n<p>El gobernador de la provincia, Omar Perotti, junto al secretario de Agricultura, Ganader\u00eda y Pesca de la Naci\u00f3n, Juan Jos\u00e9 Bahillo; y el ministro de Producci\u00f3n, Ciencia y Tecnolog\u00eda de la provincia, Daniel Costamagna se reunieron este jueves con productores agropecuarios de diferentes departamentos del norte provincial afectados por la sequ\u00eda. En la oportunidad, el funcionario nacional anunci\u00f3 que se destinar\u00e1n 1.300 millones de pesos para paliar la situaci\u00f3n de los sectores afectados por la emergencia agropecuaria.<\/p>\n\n\n\n<p>Durante el encuentro, desarrollado en la Estancia Las Gamas (departamento Vera), el gobernador detall\u00f3 que los fondos llegar\u00e1n a los productores por medio del \u201cesquema de asignaci\u00f3n y distribuci\u00f3n de recursos que la provincia ya tiene puesto en marcha, desde otras situaciones similares de emergencia o zona de desastre\u201d; el que se basa en \u201cun trabajo coordinado con cada una de las Asociaciones para el Desarrollo de los departamentos, un mecanismo lo suficientemente \u00e1gil y transparente como para poder tener una asignaci\u00f3n r\u00e1pida de los subsidios o aportes necesarios\u201d.<\/p>\n\n\n\n<p>Asimismo, precis\u00f3 que \u201ccada una de las regiones tendr\u00e1 asistencia, particularmente los peque\u00f1os y medianos productores, ya que toda la provincia est\u00e1 afectada por la sequ\u00eda, desde nuestro norte con el impacto en la ganader\u00eda, el centro con la lecher\u00eda y la agricultura, y el sur con la agricultura\u201d.<\/p>\n\n\n\n<p>En este sentido, Perotti indic\u00f3 que se tendr\u00e1 en cuenta una de las caracter\u00edsticas que ha tenido esta sequ\u00eda: \u201chemos tenido d\u00edas en los que se han presentado lluvias en un lugar y a los pocos kil\u00f3metros no hab\u00eda nada. Entonces, el an\u00e1lisis va a ser con todos los actores del territorio, con toda la informaci\u00f3n satelital y georeferencial nos permite apreciar, pero con la idea de ser los m\u00e1s \u00e1giles posibles, para que esta transferencia nacional llegue lo m\u00e1s r\u00e1pido posible a los productores\u201d.<\/p>\n\n\n\n<figure class=\"wp-block-embed is-type-rich is-provider-gestor-del-servicio wp-block-embed-gestor-del-servicio\"><div class=\"wp-block-embed__wrapper\">\n<div style=\"width: 640px;\" class=\"wp-video\"><!--[if lt IE 9]><script>document.createElement('video');<\/script><![endif]-->\n<video class=\"wp-video-shortcode\" id=\"video-18949-1\" width=\"640\" height=\"360\" preload=\"metadata\" controls=\"controls\"><source type=\"video\/mp4\" src=\"https:\/\/www.santafe.gob.ar\/noticias\/recursos\/videosHD\/2023\/01\/2023-01-19NID_277130O_1.mp4?_=1\" \/><a href=\"https:\/\/www.santafe.gob.ar\/noticias\/recursos\/videosHD\/2023\/01\/2023-01-19NID_277130O_1.mp4\">https:\/\/www.santafe.gob.ar\/noticias\/recursos\/videosHD\/2023\/01\/2023-01-19NID_277130O_1.mp4<\/a><\/video><\/div>\n<\/div><\/figure>\n\n\n\n<p>El gobernador resalt\u00f3 la necesidad de \u201cacompa\u00f1ar a los productores en este momento y de contar con una nueva ley de emergencia. Ser\u00eda muy importante contar hoy con esa herramienta, porque gran parte de la agricultura se hace sobre campos alquilados, y la ley de emergencia vigente en la provincia de Santa Fe no contempla a quienes trabajan campos que no son propios, reconoce solamente en los propietarios la asistencia\u201d.<\/p>\n\n\n\n<p>Por \u00faltimo, Perotti manifest\u00f3 el \u201cdeseo, de como se planteaba hoy, con la informaci\u00f3n que el secretario trajo de las reuniones con el servicio meteorol\u00f3gico, con el INTA, que vaya cediendo este fen\u00f3meno de la Ni\u00f1a, y nos permita encarar un proceso productivo con cierta normalidad; sin dejar de entender que los da\u00f1os que se han dado, no se saldan con una pr\u00f3xima lluvia importante, aqu\u00ed tenemos que tener la mirada para cuidar y acompa\u00f1ar a este sector\u201d.<\/p>\n\n\n\n<p><strong>1.300 MILLONES DE PESOS<\/strong><\/p>\n\n\n\n<p>En tanto, el secretario de Agricultura, Ganader\u00eda y Pesca de la Naci\u00f3n consider\u00f3 \u201cimperioso y obligatorio estar en las situaciones de crisis angustiantes como es la que est\u00e1 pasando esta regi\u00f3n de la provincia\u201d.<\/p>\n\n\n\n<p>Asimismo, agradeci\u00f3 la invitaci\u00f3n del gobernador Omar Perotti y el ministro Costamagna y grafic\u00f3 que tras sobrevolar la zona, dimension\u00f3 \u201ca la perfecci\u00f3n la situaci\u00f3n que est\u00e1n viviendo, consecuencia de una sequ\u00eda agudizada en los \u00faltimos dos meses. La situaci\u00f3n es compleja y amerita que pongamos todo nuestro esfuerzo y energ\u00eda para acompa\u00f1ar\u201d al sector productivo.<\/p>\n\n\n\n<p>En tal sentido, asegur\u00f3 que, \u201cadem\u00e1s de atender la coyuntura y la urgencia, se va a seguir acompa\u00f1ando la recomposici\u00f3n de este proceso productivo\u201d teniendo en cuenta que Santa Fe \u201ces la segunda provincia en cantidad de cabezas: el 12% del rodeo, m\u00e1s de 6 millones cabezas y en el norte de la provincia el 60% del stock\u201d.<\/p>\n\n\n\n<p>Bahillo expres\u00f3 que \u201cen el d\u00eda de hoy se est\u00e1n transfiriendo -por gestiones iniciadas hace algo m\u00e1s de un mes por las autoridades provinciales- 500 millones de pesos. Tambi\u00e9n, para asistir la emergencia, van a venir 400 millones m\u00e1s en las pr\u00f3ximas semanas en el marco del Plan Ganar, que tambi\u00e9n permite atender esta cuesti\u00f3n de urgencia\u201d, y agreg\u00f3 que, por instrucci\u00f3n del ministro de Econom\u00eda de la Naci\u00f3n, Sergio Massa, se asignaron \u201c400 millones de pesos m\u00e1s, cuyas gestiones comenzaron la semana pasada, que tambi\u00e9n van a estar\u201d en el corto plazo.<\/p>\n\n\n\n<p>\u201cEstos 1.300 millones de pesos son de discrecionalidad para que el gobierno provincial los asigne de la manera que mejor lo entienda y esto es bueno y es virtuoso\u201d, asegur\u00f3.<\/p>\n\n\n\n<figure class=\"wp-block-embed is-type-rich is-provider-gestor-del-servicio wp-block-embed-gestor-del-servicio\"><div class=\"wp-block-embed__wrapper\">\n<div style=\"width: 640px;\" class=\"wp-video\"><video class=\"wp-video-shortcode\" id=\"video-18949-2\" width=\"640\" height=\"360\" preload=\"metadata\" controls=\"controls\"><source type=\"video\/mp4\" src=\"https:\/\/www.santafe.gob.ar\/noticias\/recursos\/videosHD\/2023\/01\/2023-01-19NID_277130O_2.mp4?_=2\" \/><a href=\"https:\/\/www.santafe.gob.ar\/noticias\/recursos\/videosHD\/2023\/01\/2023-01-19NID_277130O_2.mp4\">https:\/\/www.santafe.gob.ar\/noticias\/recursos\/videosHD\/2023\/01\/2023-01-19NID_277130O_2.mp4<\/a><\/video><\/div>\n<\/div><\/figure>\n\n\n\n<p>Asimismo, el secretario de Agricultura nacional expres\u00f3 que, de cumplirse los pron\u00f3sticos del Servicio Meteorol\u00f3gico Nacional, que en el mediano plazo auguran lluvias, las acciones se dirigir\u00e1n tambi\u00e9n en \u201casistencia y pol\u00edticas para ayudar al sector en la elaboraci\u00f3n de verdeos en aquellos campos que tengan esa posibilidad, por sus caracter\u00edsticas del suelo porque la oferta forrajera, la disponibilidad de pasto qued\u00f3 nula\u201d.<\/p>\n\n\n\n<p>Adem\u00e1s, Bahillo remarc\u00f3 que est\u00e1 disponible el programa Impulso Tambero, relanzado la semana pasada, que \u201ca partir de hoy est\u00e1 operativo\u201d, y explic\u00f3 que los interesados pueden acceder entando a la p\u00e1gina del Ministerio nacional. Se trata de una iniciativa que \u201casigna 9.000 millones de pesos para los productores tamberos. Es un aporte de cuatro meses para tambos peque\u00f1os y medianos y consiste en 15 pesos por litro para los tambos de hasta 1.500 por d\u00eda, y 10 pesos por litro para los tambos de hasta 6.000 litros por d\u00eda, con un tope de 600 mil pesos por mes. Es decir que los tamberos de m\u00e1s de 60 mil litros mensuales hasta de 150 mil litros, van a recibir 600 mil pesos por mes por cuatro meses. Esto permite ayudar o paliar la situaci\u00f3n angustiante que tambi\u00e9n tiene este sector\u201d, finaliz\u00f3 el funcionario nacional.<\/p>\n\n\n\n<p><strong>TRABAJO CONJUNTO<\/strong><\/p>\n\n\n\n<p>Por su parte, el ministro de Producci\u00f3n, Ciencia y Tecnolog\u00eda de la provincia, Daniel Costamagna, hizo un repaso de la situaci\u00f3n que se vive y las medidas que se tomaron: \u201cAdem\u00e1s del agua, se fortaleci\u00f3 con inversiones en cisternas en los departamentos afectados, se contrataron equipos de 30.000 litros con chasis acoplado que ya est\u00e1n trabajando; y tambi\u00e9n se utilizaron herramientas vinculadas a la comida de animales\u201d.<\/p>\n\n\n\n<p>El ministro tambi\u00e9n mencion\u00f3 \u201clos destetes anticipados para aliviar a las vacas, lo que permite sobrellevar de la mejor manera a las madres para la entrada del invierno. Esto est\u00e1 vigente y se est\u00e1 trabajando en cada uno de los departamentos afectados\u201d, y alert\u00f3 que \u201cen esto tenemos que avanzar y r\u00e1pido, porque cada d\u00eda que pasa que puede generar mayor mortandad\u201d.<\/p>\n\n\n\n<p>\u201cEste problema no se circunscribe a estos cuatro departamentos, lo tenemos en toda la provincia. Afecta a la ganader\u00eda, a la lecher\u00eda, y a los agricultores. Hoy la siembra en la provincia est\u00e1 en gran parte paralizada y la cantidad de hect\u00e1reas sembradas est\u00e1n muy lejos de lo proyectado, tanto en soja como en ma\u00edces\u201d, finaliz\u00f3 Costamagna.<\/p>\n\n\n\n<p>Por otro lado, el senador por el departamento 9 de Julio, Joaqu\u00edn Gramajo, mencion\u00f3 que &#8220;es un\u00e1nime la idea que el Estado, que es socio en las ganancias, en una crisis como esta tambi\u00e9n sea socio en las p\u00e9rdidas y ayude a pasar esta situaci\u00f3n&#8221;.<\/p>\n\n\n\n<p>En tanto, el senador por el departamento San Javier, Jos\u00e9 Baucero, afirm\u00f3 que \u201ctodas las crisis son oportunas, no las podemos evitar, pero s\u00ed trabajar para que nos ayuden. Les traigo la preocupaci\u00f3n de toda nuestra gente. Gracias gobernador por estos desaf\u00edos\u201d.<\/p>\n\n\n\n<p>Finalmente, la presidenta de la Confederaci\u00f3n de Asociaciones Rurales de Santa Fe (Carsfe), Sara Gardiol, se\u00f1al\u00f3 que \u201cnosotros tenemos una mirada integral acerca de las necesidades que tiene la provincia. Queremos colaborar con el Estado a partir de ideas, como productores que estamos sufriendo este inconveniente\u201d, asegur\u00f3, y destac\u00f3 que \u201ctenemos un di\u00e1logo directo y franco\u201d con las autoridades, \u201cy decimos las cosas buenas y las malas, para despu\u00e9s, solucionar los problemas\u201d.<\/p>\n\n\n\n<p><strong>ENTREGA DE APORTES<\/strong><\/p>\n\n\n\n<p>Durante la actividad se entregaron, tambi\u00e9n distintos aportes. En primer lugar, se otorgaron $25 millones para la Asociaci\u00f3n para el Desarrollo 9 de Julio. Los fondos ser\u00e1n para el pago de acarreo de agua y acondicionamiento de tomas de agua distribuidas en el departamento 9 de julio. Esto estar\u00e1 destinado para productores de hasta 200 cabezas sin costo para los productores y productores de 200 a 400 cabezas y se cubrir\u00e1 al costo del 50% del acarreo. Parte de los fondos tambi\u00e9n se destinar\u00e1n al acondicionamiento de pozos para la extracci\u00f3n de agua.<\/p>\n\n\n\n<p>Adem\u00e1s, la Sociedad Rural de Vera recibi\u00f3 un aporte de $ 55 millones para el pago de acarreo de agua y acondicionamiento de tomas de agua distribuidas en el departamento Vera. Esto estar\u00e1 destinado para productores de hasta 400 cabezas sin costo para los productores.<\/p>\n\n\n\n<p>Por otro lado, se entregaron $ 7,5 millones a la fundaci\u00f3n Las Gamas para la compra de un generador, bomba de agua y una cisterna de 5000 litros. Adem\u00e1s, la compra de 50 cubas de 1000 litros para entrega a comodato.<\/p>\n\n\n\n<p>Por \u00faltimo, se entregaron aportes para la compra de tanques cisternas, cada localidad recibi\u00f3 $ 3.000.000 para cada uno: Gato Colorado, Esteban Rams, Juan de Garay (Campo Garay), Montefiore, Sociedad Rural de Tostado, Ca\u00f1ada Omb\u00fa, Golondrina, Margarita, Fort\u00edn Olmos y Malabrigo.<\/p>\n\n\n\n<p><strong>PRESENTES<\/strong><\/p>\n\n\n\n<p>De la actividad participaron tambi\u00e9n la secretaria de Agroalimentos de la provincia, Mar\u00eda Eugenia Carrizo; el secretario de Desarrollo Territorial y Arraigo, Fabricio Medina; los senadores provinciales Osvaldo Sosa (departamento Vera), Joaqu\u00edn Gramajo (departamento 9 de Julio), Orfilio Marc\u00f3n (departamento General Obligado), y Jos\u00e9 Baucero (departamento San Javier); el diputado provincial Oscar Mart\u00ednez; los intendentes de Vera, Paula Mitre; de Reconquista, Amadeo Vallejos; de Tostado, Enrique Mualem; y de Calchaqu\u00ed, Rub\u00e9n Cuello; presidentes comunales de la regi\u00f3n, representantes de sociedades rurales y de entidades ruralistas, entre otros.<\/p>\n","protected":false},"excerpt":{"rendered":"<p>El gobernador Omar Perotti y el secretario de Agricultura, Ganader\u00eda y Pesca de la Naci\u00f3n, Juan Jos\u00e9 Bahillo, se reunieron con productores del norte provincial afectados por la sequ\u00eda, en la Estancia&#46;&#46;&#46;<\/p>\n","protected":false},"author":1,"featured_media":18950,"comment_status":"closed","ping_status":"closed","sticky":false,"template":"","format":"standard","meta":[],"categories":[3,16,10,12],"tags":[],"_links":{"self":[{"href":"https:\/\/www.revistarescatados.com.ar\/web\/wp-json\/wp\/v2\/posts\/18949"}],"collection":[{"href":"https:\/\/www.revistarescatados.com.ar\/web\/wp-json\/wp\/v2\/posts"}],"about":[{"href":"https:\/\/www.revistarescatados.com.ar\/web\/wp-json\/wp\/v2\/types\/post"}],"author":[{"embeddable":true,"href":"https:\/\/www.revistarescatados.com.ar\/web\/wp-json\/wp\/v2\/users\/1"}],"replies":[{"embeddable":true,"href":"https:\/\/www.revistarescatados.com.ar\/web\/wp-json\/wp\/v2\/comments?post=18949"}],"version-history":[{"count":1,"href":"https:\/\/www.revistarescatados.com.ar\/web\/wp-json\/wp\/v2\/posts\/18949\/revisions"}],"predecessor-version":[{"id":18951,"href":"https:\/\/www.revistarescatados.com.ar\/web\/wp-json\/wp\/v2\/posts\/18949\/revisions\/18951"}],"wp:featuredmedia":[{"embeddable":true,"href":"https:\/\/www.revistarescatados.com.ar\/web\/wp-json\/wp\/v2\/media\/18950"}],"wp:attachment":[{"href":"https:\/\/www.revistarescatados.com.ar\/web\/wp-json\/wp\/v2\/media?parent=18949"}],"wp:term":[{"taxonomy":"category","embeddable":true,"href":"https:\/\/www.revistarescatados.com.ar\/web\/wp-json\/wp\/v2\/categories?post=18949"},{"taxonomy":"post_tag","embeddable":true,"href":"https:\/\/www.revistarescatados.com.ar\/web\/wp-json\/wp\/v2\/tags?post=18949"}],"curies":[{"name":"wp","href":"https:\/\/api.w.org\/{rel}","templated":true}]}}