{"id":18969,"date":"2023-01-24T01:08:06","date_gmt":"2023-01-24T04:08:06","guid":{"rendered":"https:\/\/www.revistarescatados.com.ar\/web\/?p=18969"},"modified":"2023-01-24T01:08:12","modified_gmt":"2023-01-24T04:08:12","slug":"mas-de-900-familias-ya-pueden-conectarse-a-la-red-cloacal-en-calchaqui-videos","status":"publish","type":"post","link":"https:\/\/www.revistarescatados.com.ar\/web\/2023\/01\/24\/mas-de-900-familias-ya-pueden-conectarse-a-la-red-cloacal-en-calchaqui-videos\/","title":{"rendered":"M\u00e1s de 900 familias ya pueden conectarse a la red cloacal en Calchaqu\u00ed (Videos)"},"content":{"rendered":"\n<p><\/p>\n\n\n\n<p><strong><mark style=\"background-color:rgba(0, 0, 0, 0)\" class=\"has-inline-color has-vivid-red-color\">Con la inauguraci\u00f3n de la estaci\u00f3n elevadora en barrio San Mart\u00edn, el 94% de la ciudad contar\u00e1 con la posibilidad de acceso a la conexi\u00f3n de cloacas. Los interesados deben concurrir al corral\u00f3n municipal.<\/mark><\/strong><\/p>\n\n\n\n<figure class=\"wp-block-image size-large\"><img loading=\"lazy\" width=\"1024\" height=\"683\" src=\"https:\/\/www.revistarescatados.com.ar\/web\/wp-content\/uploads\/2023\/01\/Estacion-elevadora-Calchaqui-1024x683.jpg\" alt=\"\" class=\"wp-image-18970\" srcset=\"https:\/\/www.revistarescatados.com.ar\/web\/wp-content\/uploads\/2023\/01\/Estacion-elevadora-Calchaqui-1024x683.jpg 1024w, https:\/\/www.revistarescatados.com.ar\/web\/wp-content\/uploads\/2023\/01\/Estacion-elevadora-Calchaqui-300x200.jpg 300w, https:\/\/www.revistarescatados.com.ar\/web\/wp-content\/uploads\/2023\/01\/Estacion-elevadora-Calchaqui-768x512.jpg 768w, https:\/\/www.revistarescatados.com.ar\/web\/wp-content\/uploads\/2023\/01\/Estacion-elevadora-Calchaqui.jpg 1440w\" sizes=\"(max-width: 1024px) 100vw, 1024px\" \/><\/figure>\n\n\n\n<p>El pasado 19 de enero, se llev\u00f3 adelante el acto de inauguraci\u00f3n de la red cloacal y estaci\u00f3n elevadora de los barrios San Mart\u00edn y Guadalupe.<\/p>\n\n\n\n<p>Estuvieron presentes el intendente, Rub\u00e9n Cuello, la ministra de Infraestructura,&nbsp; Silvina Frana, el representante de ENOHSa, Roberto Meli, el administrador de Vialidad, Oscar Ceschi, el diputado Oscar Mart\u00ednez, operarios que realizaron los trabajos y vecinos.<\/p>\n\n\n\n<figure class=\"wp-block-image size-large\"><img loading=\"lazy\" width=\"1024\" height=\"683\" src=\"https:\/\/www.revistarescatados.com.ar\/web\/wp-content\/uploads\/2023\/01\/Estacion-elevadora-Calchaqui-corte-de-cintas-1024x683.jpg\" alt=\"\" class=\"wp-image-18971\" srcset=\"https:\/\/www.revistarescatados.com.ar\/web\/wp-content\/uploads\/2023\/01\/Estacion-elevadora-Calchaqui-corte-de-cintas-1024x683.jpg 1024w, https:\/\/www.revistarescatados.com.ar\/web\/wp-content\/uploads\/2023\/01\/Estacion-elevadora-Calchaqui-corte-de-cintas-300x200.jpg 300w, https:\/\/www.revistarescatados.com.ar\/web\/wp-content\/uploads\/2023\/01\/Estacion-elevadora-Calchaqui-corte-de-cintas-768x512.jpg 768w, https:\/\/www.revistarescatados.com.ar\/web\/wp-content\/uploads\/2023\/01\/Estacion-elevadora-Calchaqui-corte-de-cintas.jpg 1440w\" sizes=\"(max-width: 1024px) 100vw, 1024px\" \/><\/figure>\n\n\n\n<p>Cabe aclarar que la obra se hizo con una inversi\u00f3n de $79.880.000, se concret\u00f3 en 11 meses de trabajo y posibilita la conexi\u00f3n domiciliaria de 922 familias.<\/p>\n\n\n\n<p>Paralelamente, se est\u00e1 realizando la obra de cloacas del resto de los barrios, lo que significar\u00e1 que, pr\u00f3ximamente, el 94% de la ciudad contar\u00e1 con la posibilidad de acceso a la conexi\u00f3n de cloacas.<\/p>\n\n\n\n<figure class=\"wp-block-image size-large\"><img loading=\"lazy\" width=\"1024\" height=\"683\" src=\"https:\/\/www.revistarescatados.com.ar\/web\/wp-content\/uploads\/2023\/01\/Estacion-elevadora-Calchaqui-publico-presente-1024x683.jpg\" alt=\"\" class=\"wp-image-18972\" srcset=\"https:\/\/www.revistarescatados.com.ar\/web\/wp-content\/uploads\/2023\/01\/Estacion-elevadora-Calchaqui-publico-presente-1024x683.jpg 1024w, https:\/\/www.revistarescatados.com.ar\/web\/wp-content\/uploads\/2023\/01\/Estacion-elevadora-Calchaqui-publico-presente-300x200.jpg 300w, https:\/\/www.revistarescatados.com.ar\/web\/wp-content\/uploads\/2023\/01\/Estacion-elevadora-Calchaqui-publico-presente-768x512.jpg 768w, https:\/\/www.revistarescatados.com.ar\/web\/wp-content\/uploads\/2023\/01\/Estacion-elevadora-Calchaqui-publico-presente.jpg 1440w\" sizes=\"(max-width: 1024px) 100vw, 1024px\" \/><\/figure>\n\n\n\n<p>Cabe destacar que los vecinos de los barrios San Mart\u00edn y Guadalupe, desde el d\u00eda lunes 23\/01, de 7.30 a 12.00 hs., pueden concurrir a la oficina de Obras P\u00fablicas, en el Corral\u00f3n Municipal, a tramitar el certificado para realizar la conexi\u00f3n a la red cloacal.<\/p>\n\n\n\n<iframe loading=\"lazy\" src=\"https:\/\/www.facebook.com\/plugins\/video.php?height=314&#038;href=https%3A%2F%2Fwww.facebook.com%2Frescatados.calchaqui.5%2Fvideos%2F3504477973204912%2F&#038;show_text=false&#038;width=560&#038;t=0\" width=\"560\" height=\"314\" style=\"border:none;overflow:hidden\" scrolling=\"no\" frameborder=\"0\" allowfullscreen=\"true\" allow=\"autoplay; clipboard-write; encrypted-media; picture-in-picture; web-share\" allowFullScreen=\"true\"><\/iframe>\n\n\n\n<iframe loading=\"lazy\" src=\"https:\/\/www.facebook.com\/plugins\/video.php?height=314&#038;href=https%3A%2F%2Fwww.facebook.com%2Frescatados.calchaqui.5%2Fvideos%2F933099658055579%2F&#038;show_text=false&#038;width=560&#038;t=0\" width=\"560\" height=\"314\" style=\"border:none;overflow:hidden\" scrolling=\"no\" frameborder=\"0\" allowfullscreen=\"true\" allow=\"autoplay; clipboard-write; encrypted-media; picture-in-picture; web-share\" allowFullScreen=\"true\"><\/iframe>\n\n\n\n<iframe loading=\"lazy\" src=\"https:\/\/www.facebook.com\/plugins\/video.php?height=314&#038;href=https%3A%2F%2Fwww.facebook.com%2Frescatados.calchaqui.5%2Fvideos%2F1421546075318698%2F&#038;show_text=false&#038;width=560&#038;t=0\" width=\"560\" height=\"314\" style=\"border:none;overflow:hidden\" scrolling=\"no\" frameborder=\"0\" allowfullscreen=\"true\" allow=\"autoplay; clipboard-write; encrypted-media; picture-in-picture; web-share\" allowFullScreen=\"true\"><\/iframe>\n\n\n\n<iframe loading=\"lazy\" src=\"https:\/\/www.facebook.com\/plugins\/video.php?height=314&#038;href=https%3A%2F%2Fwww.facebook.com%2Frescatados.calchaqui.5%2Fvideos%2F698477415089732%2F&#038;show_text=false&#038;width=560&#038;t=0\" width=\"560\" height=\"314\" style=\"border:none;overflow:hidden\" scrolling=\"no\" frameborder=\"0\" allowfullscreen=\"true\" allow=\"autoplay; clipboard-write; encrypted-media; picture-in-picture; web-share\" allowFullScreen=\"true\"><\/iframe>\n\n\n\n<iframe loading=\"lazy\" src=\"https:\/\/www.facebook.com\/plugins\/video.php?height=314&#038;href=https%3A%2F%2Fwww.facebook.com%2Frescatados.calchaqui.5%2Fvideos%2F906408950773389%2F&#038;show_text=false&#038;width=560&#038;t=0\" width=\"560\" height=\"314\" style=\"border:none;overflow:hidden\" scrolling=\"no\" frameborder=\"0\" allowfullscreen=\"true\" allow=\"autoplay; clipboard-write; encrypted-media; picture-in-picture; web-share\" allowFullScreen=\"true\"><\/iframe>\n","protected":false},"excerpt":{"rendered":"<p>Con la inauguraci\u00f3n de la estaci\u00f3n elevadora en barrio San Mart\u00edn, el 94% de la ciudad contar\u00e1 con la posibilidad de acceso a la conexi\u00f3n de cloacas. Los interesados deben concurrir al&#46;&#46;&#46;<\/p>\n","protected":false},"author":1,"featured_media":18970,"comment_status":"closed","ping_status":"closed","sticky":false,"template":"","format":"standard","meta":[],"categories":[2,3,16,10],"tags":[],"_links":{"self":[{"href":"https:\/\/www.revistarescatados.com.ar\/web\/wp-json\/wp\/v2\/posts\/18969"}],"collection":[{"href":"https:\/\/www.revistarescatados.com.ar\/web\/wp-json\/wp\/v2\/posts"}],"about":[{"href":"https:\/\/www.revistarescatados.com.ar\/web\/wp-json\/wp\/v2\/types\/post"}],"author":[{"embeddable":true,"href":"https:\/\/www.revistarescatados.com.ar\/web\/wp-json\/wp\/v2\/users\/1"}],"replies":[{"embeddable":true,"href":"https:\/\/www.revistarescatados.com.ar\/web\/wp-json\/wp\/v2\/comments?post=18969"}],"version-history":[{"count":1,"href":"https:\/\/www.revistarescatados.com.ar\/web\/wp-json\/wp\/v2\/posts\/18969\/revisions"}],"predecessor-version":[{"id":18973,"href":"https:\/\/www.revistarescatados.com.ar\/web\/wp-json\/wp\/v2\/posts\/18969\/revisions\/18973"}],"wp:featuredmedia":[{"embeddable":true,"href":"https:\/\/www.revistarescatados.com.ar\/web\/wp-json\/wp\/v2\/media\/18970"}],"wp:attachment":[{"href":"https:\/\/www.revistarescatados.com.ar\/web\/wp-json\/wp\/v2\/media?parent=18969"}],"wp:term":[{"taxonomy":"category","embeddable":true,"href":"https:\/\/www.revistarescatados.com.ar\/web\/wp-json\/wp\/v2\/categories?post=18969"},{"taxonomy":"post_tag","embeddable":true,"href":"https:\/\/www.revistarescatados.com.ar\/web\/wp-json\/wp\/v2\/tags?post=18969"}],"curies":[{"name":"wp","href":"https:\/\/api.w.org\/{rel}","templated":true}]}}